{"id":1981,"date":"2025-04-23T12:32:11","date_gmt":"2025-04-23T12:32:11","guid":{"rendered":"https:\/\/psicoeducalleida.com\/?p=1981"},"modified":"2025-05-13T06:03:48","modified_gmt":"2025-05-13T06:03:48","slug":"benestar-emocional-adolescent-troba-ajuda-i-suport-a-lleida-2","status":"publish","type":"post","link":"https:\/\/psicoeducalleida.com\/es\/benestar-emocional-adolescent-troba-ajuda-i-suport-a-lleida-2\/","title":{"rendered":"Benestar emocional adolescent: Troba ajuda i suport a Lleida"},"content":{"rendered":"<p>L&#8217;adolesc\u00e8ncia \u00e9s una etapa de grans canvis i desafiaments, i per als joves de Lleida, com per a molts arreu, cuidar el benestar emocional \u00e9s fonamental. A Psicoeduca, entenem la import\u00e0ncia d&#8217;oferir eines i recursos per afrontar les dificultats d&#8217;aquesta etapa.<\/p>\n\n\n\n<p><strong>Reptes comuns per al benestar emocional adolescent:<\/strong><\/p>\n\n\n\n<ul class=\"wp-block-list\">\n<li><strong>Pressi\u00f3 acad\u00e8mica i expectatives:<\/strong> L&#8217;exig\u00e8ncia en els estudis i la pressi\u00f3 per al futur poden generar estr\u00e8s i ansietat.<\/li>\n\n\n\n<li><strong>Relacions socials i bullying:<\/strong> Els conflictes amb amics, la pressi\u00f3 de grup i el bullying poden afectar l&#8217;autoestima i el benestar emocional.<\/li>\n\n\n\n<li><strong>Canvis f\u00edsics i hormonals:<\/strong> Els canvis propis de la pubertat poden influir en l&#8217;estat d&#8217;\u00e0nim i la imatge corporal.<\/li>\n\n\n\n<li><strong>Identitat i orientaci\u00f3 sexual:<\/strong> El proc\u00e9s de descobrir qui s\u00f3n i la seva orientaci\u00f3 pot ser conf\u00fas i generar angoixa.<\/li>\n\n\n\n<li><strong>\u00das de xarxes socials i comparaci\u00f3:<\/strong> La constant exposici\u00f3 a vides idealitzades pot afectar negativament l&#8217;autoestima.<\/li>\n<\/ul>\n\n\n\n<p><strong>On trobar ajuda i suport a Lleida:<\/strong><\/p>\n\n\n\n<ul class=\"wp-block-list\">\n<li><strong>Psicoeduca Lleida:<\/strong> El nostre centre ofereix avaluaci\u00f3, ter\u00e0pia individualitzada i grupal per a adolescents amb dificultats emocionals. La nostra psicopedagoga Gemma Llovera t\u00e9 experi\u00e8ncia en el treball amb joves.<\/li>\n\n\n\n<li><strong>Centres de Salut Mental Juvenil (CSMIJ):<\/strong> A Lleida, hi ha serveis p\u00fablics especialitzats en la salut mental d&#8217;adolescents. Consulta amb el teu metge de cap\u00e7alera per a m\u00e9s informaci\u00f3.<\/li>\n\n\n\n<li><strong>Serveis d&#8217;orientaci\u00f3 dels instituts:<\/strong> Els orientadors escolars poden oferir un primer punt de contacte i suport.<\/li>\n\n\n\n<li><strong>L\u00ednies d&#8217;ajuda telef\u00f2nica i online:<\/strong> Hi ha recursos confidencials per a joves que necessiten parlar.<\/li>\n\n\n\n<li><strong>Amics i fam\u00edlia:<\/strong> Comptar amb una xarxa de suport \u00e9s molt important.<\/li>\n<\/ul>\n\n\n\n<p><strong>Estrat\u00e8gies per millorar el benestar emocional:<\/strong><\/p>\n\n\n\n<ul class=\"wp-block-list\">\n<li><strong>Comunicaci\u00f3 oberta:<\/strong> Parla amb alg\u00fa de confian\u00e7a sobre com et sents.<\/li>\n\n\n\n<li><strong>Cuidar la salut f\u00edsica:<\/strong> Fer exercici regularment, menjar de manera saludable i dormir prou.<\/li>\n\n\n\n<li><strong>Practicar t\u00e8cniques de relaxaci\u00f3:<\/strong> La respiraci\u00f3 profunda, el mindfulness o la meditaci\u00f3 poden ajudar a reduir l&#8217;estr\u00e8s.<\/li>\n\n\n\n<li><strong>Buscar activitats que agradin:<\/strong> Dedicar temps a aficions i coses que et facin sentir b\u00e9.<\/li>\n\n\n\n<li><strong>Establir l\u00edmits amb les xarxes socials:<\/strong> Ser conscient del temps que hi passes i de com t&#8217;afecta el que veus.<\/li>\n\n\n\n<li><strong>Buscar ajuda professional si la necessites:<\/strong> No hi ha res de dolent en demanar ajuda. A Psicoeduca Lleida, estem aqu\u00ed per a tu.<\/li>\n<\/ul>\n\n\n\n<p>A Psicoeduca Lleida, la salut emocional dels adolescents \u00e9s una prioritat. No dubtis a contactar amb nosaltres per obtenir suport.<\/p>","protected":false},"excerpt":{"rendered":"<p>L&#8217;adolesc\u00e8ncia \u00e9s una etapa de grans canvis i desafiaments, i per als joves de Lleida, com per a molts arreu, cuidar el benestar emocional \u00e9s fonamental. A Psicoeduca, entenem la import\u00e0ncia d&#8217;oferir eines i recursos per afrontar les dificultats d&#8217;aquesta etapa. Reptes comuns per al benestar emocional adolescent: On trobar ajuda i suport a Lleida: [&hellip;]<\/p>","protected":false},"author":1,"featured_media":2022,"comment_status":"closed","ping_status":"open","sticky":false,"template":"","format":"standard","meta":{"_uag_custom_page_level_css":"","site-sidebar-layout":"default","site-content-layout":"","ast-site-content-layout":"default","site-content-style":"default","site-sidebar-style":"default","ast-global-header-display":"","ast-banner-title-visibility":"","ast-main-header-display":"","ast-hfb-above-header-display":"","ast-hfb-below-header-display":"","ast-hfb-mobile-header-display":"","site-post-title":"","ast-breadcrumbs-content":"","ast-featured-img":"","footer-sml-layout":"","ast-disable-related-posts":"","theme-transparent-header-meta":"","adv-header-id-meta":"","stick-header-meta":"","header-above-stick-meta":"","header-main-stick-meta":"","header-below-stick-meta":"","astra-migrate-meta-layouts":"set","ast-page-background-enabled":"default","ast-page-background-meta":{"desktop":{"background-color":"var(--ast-global-color-4)","background-image":"","background-repeat":"repeat","background-position":"center center","background-size":"auto","background-attachment":"scroll","background-type":"","background-media":"","overlay-type":"","overlay-color":"","overlay-opacity":"","overlay-gradient":""},"tablet":{"background-color":"","background-image":"","background-repeat":"repeat","background-position":"center center","background-size":"auto","background-attachment":"scroll","background-type":"","background-media":"","overlay-type":"","overlay-color":"","overlay-opacity":"","overlay-gradient":""},"mobile":{"background-color":"","background-image":"","background-repeat":"repeat","background-position":"center center","background-size":"auto","background-attachment":"scroll","background-type":"","background-media":"","overlay-type":"","overlay-color":"","overlay-opacity":"","overlay-gradient":""}},"ast-content-background-meta":{"desktop":{"background-color":"var(--ast-global-color-5)","background-image":"","background-repeat":"repeat","background-position":"center center","background-size":"auto","background-attachment":"scroll","background-type":"","background-media":"","overlay-type":"","overlay-color":"","overlay-opacity":"","overlay-gradient":""},"tablet":{"background-color":"var(--ast-global-color-5)","background-image":"","background-repeat":"repeat","background-position":"center center","background-size":"auto","background-attachment":"scroll","background-type":"","background-media":"","overlay-type":"","overlay-color":"","overlay-opacity":"","overlay-gradient":""},"mobile":{"background-color":"var(--ast-global-color-5)","background-image":"","background-repeat":"repeat","background-position":"center center","background-size":"auto","background-attachment":"scroll","background-type":"","background-media":"","overlay-type":"","overlay-color":"","overlay-opacity":"","overlay-gradient":""}},"_kadence_starter_templates_imported_post":false,"footnotes":""},"categories":[23],"tags":[35,52,38,51,36,37,53],"class_list":["post-1981","post","type-post","status-publish","format-standard","has-post-thumbnail","hentry","category-blog","tag-ajuda-adolescents-lleida","tag-ansietat-adolescents","tag-benestar-emocional-adolescents","tag-estres-adolescents","tag-salut-mental-adolescents-lleida","tag-suport-emocional-adolescents","tag-terapia-adolescents-lleida"],"yoast_head":"<!-- This site is optimized with the Yoast SEO plugin v27.4 - https:\/\/yoast.com\/product\/yoast-seo-wordpress\/ -->\n<title>Benestar emocional adolescent: Troba ajuda i suport a Lleida - Psicoeduca Lleida<\/title>\n<meta name=\"description\" content=\"L&#039;adolesc\u00e8ncia \u00e9s una etapa de grans canvis i desafiaments, i per als joves de Lleida, com per a molts arreu, cuidar el benestar emocional \u00e9s fonamental. A Psicoeduca, entenem la import\u00e0ncia d&#039;oferir eines i recursos per afrontar les dificultats d&#039;aquesta etapa.\" \/>\n<meta name=\"robots\" content=\"index, follow, max-snippet:-1, max-image-preview:large, max-video-preview:-1\" \/>\n<link rel=\"canonical\" href=\"https:\/\/psicoeducalleida.com\/es\/benestar-emocional-adolescent-troba-ajuda-i-suport-a-lleida-2\/\" \/>\n<meta property=\"og:locale\" content=\"es_ES\" \/>\n<meta property=\"og:type\" content=\"article\" \/>\n<meta property=\"og:title\" content=\"Benestar emocional adolescent: Troba ajuda i suport a Lleida - Psicoeduca Lleida\" \/>\n<meta property=\"og:description\" content=\"L&#039;adolesc\u00e8ncia \u00e9s una etapa de grans canvis i desafiaments, i per als joves de Lleida, com per a molts arreu, cuidar el benestar emocional \u00e9s fonamental. A Psicoeduca, entenem la import\u00e0ncia d&#039;oferir eines i recursos per afrontar les dificultats d&#039;aquesta etapa.\" \/>\n<meta property=\"og:url\" content=\"https:\/\/psicoeducalleida.com\/es\/benestar-emocional-adolescent-troba-ajuda-i-suport-a-lleida-2\/\" \/>\n<meta property=\"og:site_name\" content=\"Psicoeduca Lleida\" \/>\n<meta property=\"article:published_time\" content=\"2025-04-23T12:32:11+00:00\" \/>\n<meta property=\"article:modified_time\" content=\"2025-05-13T06:03:48+00:00\" \/>\n<meta property=\"og:image\" content=\"https:\/\/psicoeducalleida.com\/wp-content\/uploads\/2025\/04\/3-scaled-e1745473872406.jpg\" \/>\n\t<meta property=\"og:image:width\" content=\"2560\" \/>\n\t<meta property=\"og:image:height\" content=\"1770\" \/>\n\t<meta property=\"og:image:type\" content=\"image\/jpeg\" \/>\n<meta name=\"author\" content=\"fonfrialuna@gmail.com\" \/>\n<meta name=\"twitter:card\" content=\"summary_large_image\" \/>\n<meta name=\"twitter:label1\" content=\"Escrito por\" \/>\n\t<meta name=\"twitter:data1\" content=\"fonfrialuna@gmail.com\" \/>\n\t<meta name=\"twitter:label2\" content=\"Tiempo de lectura\" \/>\n\t<meta name=\"twitter:data2\" content=\"3 minutos\" \/>\n<script type=\"application\/ld+json\" class=\"yoast-schema-graph\">{\"@context\":\"https:\\\/\\\/schema.org\",\"@graph\":[{\"@type\":\"Article\",\"@id\":\"https:\\\/\\\/psicoeducalleida.com\\\/benestar-emocional-adolescent-troba-ajuda-i-suport-a-lleida-2\\\/#article\",\"isPartOf\":{\"@id\":\"https:\\\/\\\/psicoeducalleida.com\\\/benestar-emocional-adolescent-troba-ajuda-i-suport-a-lleida-2\\\/\"},\"author\":{\"name\":\"fonfrialuna@gmail.com\",\"@id\":\"https:\\\/\\\/psicoeducalleida.com\\\/#\\\/schema\\\/person\\\/0eb30a2e50f2a4889ed2329922dab86d\"},\"headline\":\"Benestar emocional adolescent: Troba ajuda i suport a Lleida\",\"datePublished\":\"2025-04-23T12:32:11+00:00\",\"dateModified\":\"2025-05-13T06:03:48+00:00\",\"mainEntityOfPage\":{\"@id\":\"https:\\\/\\\/psicoeducalleida.com\\\/benestar-emocional-adolescent-troba-ajuda-i-suport-a-lleida-2\\\/\"},\"wordCount\":423,\"publisher\":{\"@id\":\"https:\\\/\\\/psicoeducalleida.com\\\/#organization\"},\"image\":{\"@id\":\"https:\\\/\\\/psicoeducalleida.com\\\/benestar-emocional-adolescent-troba-ajuda-i-suport-a-lleida-2\\\/#primaryimage\"},\"thumbnailUrl\":\"https:\\\/\\\/psicoeducalleida.com\\\/wp-content\\\/uploads\\\/2025\\\/04\\\/3-scaled-e1745473872406.jpg\",\"keywords\":[\"ajuda adolescents Lleida\",\"ansietat adolescents\",\"benestar emocional adolescents\",\"estr\u00e8s adolescents\",\"salut mental adolescents Lleida\",\"suport emocional adolescents\",\"ter\u00e0pia adolescents Lleida\"],\"articleSection\":[\"Blog\"],\"inLanguage\":\"es\"},{\"@type\":\"WebPage\",\"@id\":\"https:\\\/\\\/psicoeducalleida.com\\\/benestar-emocional-adolescent-troba-ajuda-i-suport-a-lleida-2\\\/\",\"url\":\"https:\\\/\\\/psicoeducalleida.com\\\/benestar-emocional-adolescent-troba-ajuda-i-suport-a-lleida-2\\\/\",\"name\":\"Benestar emocional adolescent: Troba ajuda i suport a Lleida - Psicoeduca Lleida\",\"isPartOf\":{\"@id\":\"https:\\\/\\\/psicoeducalleida.com\\\/#website\"},\"primaryImageOfPage\":{\"@id\":\"https:\\\/\\\/psicoeducalleida.com\\\/benestar-emocional-adolescent-troba-ajuda-i-suport-a-lleida-2\\\/#primaryimage\"},\"image\":{\"@id\":\"https:\\\/\\\/psicoeducalleida.com\\\/benestar-emocional-adolescent-troba-ajuda-i-suport-a-lleida-2\\\/#primaryimage\"},\"thumbnailUrl\":\"https:\\\/\\\/psicoeducalleida.com\\\/wp-content\\\/uploads\\\/2025\\\/04\\\/3-scaled-e1745473872406.jpg\",\"datePublished\":\"2025-04-23T12:32:11+00:00\",\"dateModified\":\"2025-05-13T06:03:48+00:00\",\"description\":\"L'adolesc\u00e8ncia \u00e9s una etapa de grans canvis i desafiaments, i per als joves de Lleida, com per a molts arreu, cuidar el benestar emocional \u00e9s fonamental. A Psicoeduca, entenem la import\u00e0ncia d'oferir eines i recursos per afrontar les dificultats d'aquesta etapa.\",\"breadcrumb\":{\"@id\":\"https:\\\/\\\/psicoeducalleida.com\\\/benestar-emocional-adolescent-troba-ajuda-i-suport-a-lleida-2\\\/#breadcrumb\"},\"inLanguage\":\"es\",\"potentialAction\":[{\"@type\":\"ReadAction\",\"target\":[\"https:\\\/\\\/psicoeducalleida.com\\\/benestar-emocional-adolescent-troba-ajuda-i-suport-a-lleida-2\\\/\"]}]},{\"@type\":\"ImageObject\",\"inLanguage\":\"es\",\"@id\":\"https:\\\/\\\/psicoeducalleida.com\\\/benestar-emocional-adolescent-troba-ajuda-i-suport-a-lleida-2\\\/#primaryimage\",\"url\":\"https:\\\/\\\/psicoeducalleida.com\\\/wp-content\\\/uploads\\\/2025\\\/04\\\/3-scaled-e1745473872406.jpg\",\"contentUrl\":\"https:\\\/\\\/psicoeducalleida.com\\\/wp-content\\\/uploads\\\/2025\\\/04\\\/3-scaled-e1745473872406.jpg\",\"width\":2560,\"height\":1770},{\"@type\":\"BreadcrumbList\",\"@id\":\"https:\\\/\\\/psicoeducalleida.com\\\/benestar-emocional-adolescent-troba-ajuda-i-suport-a-lleida-2\\\/#breadcrumb\",\"itemListElement\":[{\"@type\":\"ListItem\",\"position\":1,\"name\":\"Portada\",\"item\":\"https:\\\/\\\/psicoeducalleida.com\\\/\"},{\"@type\":\"ListItem\",\"position\":2,\"name\":\"Benestar emocional adolescent: Troba ajuda i suport a Lleida\"}]},{\"@type\":\"WebSite\",\"@id\":\"https:\\\/\\\/psicoeducalleida.com\\\/#website\",\"url\":\"https:\\\/\\\/psicoeducalleida.com\\\/\",\"name\":\"Psicoeduca Lleida\",\"description\":\"Servei de psicologia i psicopedagogia a Lleida per a infants, joves i fam\u00edlies. Acompanyament personalitzat i professional\",\"publisher\":{\"@id\":\"https:\\\/\\\/psicoeducalleida.com\\\/#organization\"},\"potentialAction\":[{\"@type\":\"SearchAction\",\"target\":{\"@type\":\"EntryPoint\",\"urlTemplate\":\"https:\\\/\\\/psicoeducalleida.com\\\/?s={search_term_string}\"},\"query-input\":{\"@type\":\"PropertyValueSpecification\",\"valueRequired\":true,\"valueName\":\"search_term_string\"}}],\"inLanguage\":\"es\"},{\"@type\":\"Organization\",\"@id\":\"https:\\\/\\\/psicoeducalleida.com\\\/#organization\",\"name\":\"Psicoeduca Lleida\",\"url\":\"https:\\\/\\\/psicoeducalleida.com\\\/\",\"logo\":{\"@type\":\"ImageObject\",\"inLanguage\":\"es\",\"@id\":\"https:\\\/\\\/psicoeducalleida.com\\\/#\\\/schema\\\/logo\\\/image\\\/\",\"url\":\"https:\\\/\\\/psicoeducalleida.com\\\/wp-content\\\/uploads\\\/2025\\\/04\\\/cropped-cropped-logo-sin-fondo-final-2.png\",\"contentUrl\":\"https:\\\/\\\/psicoeducalleida.com\\\/wp-content\\\/uploads\\\/2025\\\/04\\\/cropped-cropped-logo-sin-fondo-final-2.png\",\"width\":1024,\"height\":524,\"caption\":\"Psicoeduca Lleida\"},\"image\":{\"@id\":\"https:\\\/\\\/psicoeducalleida.com\\\/#\\\/schema\\\/logo\\\/image\\\/\"}},{\"@type\":\"Person\",\"@id\":\"https:\\\/\\\/psicoeducalleida.com\\\/#\\\/schema\\\/person\\\/0eb30a2e50f2a4889ed2329922dab86d\",\"name\":\"fonfrialuna@gmail.com\",\"image\":{\"@type\":\"ImageObject\",\"inLanguage\":\"es\",\"@id\":\"https:\\\/\\\/secure.gravatar.com\\\/avatar\\\/a2499c2746a11fa15d3e35b1707bc931851581c569fa0c575a0a31b50de8c55e?s=96&d=mm&r=g\",\"url\":\"https:\\\/\\\/secure.gravatar.com\\\/avatar\\\/a2499c2746a11fa15d3e35b1707bc931851581c569fa0c575a0a31b50de8c55e?s=96&d=mm&r=g\",\"contentUrl\":\"https:\\\/\\\/secure.gravatar.com\\\/avatar\\\/a2499c2746a11fa15d3e35b1707bc931851581c569fa0c575a0a31b50de8c55e?s=96&d=mm&r=g\",\"caption\":\"fonfrialuna@gmail.com\"},\"sameAs\":[\"http:\\\/\\\/psicoeducalleida.com\"],\"url\":\"https:\\\/\\\/psicoeducalleida.com\\\/es\\\/author\\\/fonfrialunagmail-com\\\/\"}]}<\/script>\n<!-- \/ Yoast SEO plugin. -->","yoast_head_json":{"title":"Benestar emocional adolescent: Troba ajuda i suport a Lleida - Psicoeduca Lleida","description":"L'adolesc\u00e8ncia \u00e9s una etapa de grans canvis i desafiaments, i per als joves de Lleida, com per a molts arreu, cuidar el benestar emocional \u00e9s fonamental. A Psicoeduca, entenem la import\u00e0ncia d'oferir eines i recursos per afrontar les dificultats d'aquesta etapa.","robots":{"index":"index","follow":"follow","max-snippet":"max-snippet:-1","max-image-preview":"max-image-preview:large","max-video-preview":"max-video-preview:-1"},"canonical":"https:\/\/psicoeducalleida.com\/es\/benestar-emocional-adolescent-troba-ajuda-i-suport-a-lleida-2\/","og_locale":"es_ES","og_type":"article","og_title":"Benestar emocional adolescent: Troba ajuda i suport a Lleida - Psicoeduca Lleida","og_description":"L'adolesc\u00e8ncia \u00e9s una etapa de grans canvis i desafiaments, i per als joves de Lleida, com per a molts arreu, cuidar el benestar emocional \u00e9s fonamental. A Psicoeduca, entenem la import\u00e0ncia d'oferir eines i recursos per afrontar les dificultats d'aquesta etapa.","og_url":"https:\/\/psicoeducalleida.com\/es\/benestar-emocional-adolescent-troba-ajuda-i-suport-a-lleida-2\/","og_site_name":"Psicoeduca Lleida","article_published_time":"2025-04-23T12:32:11+00:00","article_modified_time":"2025-05-13T06:03:48+00:00","og_image":[{"width":2560,"height":1770,"url":"https:\/\/psicoeducalleida.com\/wp-content\/uploads\/2025\/04\/3-scaled-e1745473872406.jpg","type":"image\/jpeg"}],"author":"fonfrialuna@gmail.com","twitter_card":"summary_large_image","twitter_misc":{"Escrito por":"fonfrialuna@gmail.com","Tiempo de lectura":"3 minutos"},"schema":{"@context":"https:\/\/schema.org","@graph":[{"@type":"Article","@id":"https:\/\/psicoeducalleida.com\/benestar-emocional-adolescent-troba-ajuda-i-suport-a-lleida-2\/#article","isPartOf":{"@id":"https:\/\/psicoeducalleida.com\/benestar-emocional-adolescent-troba-ajuda-i-suport-a-lleida-2\/"},"author":{"name":"fonfrialuna@gmail.com","@id":"https:\/\/psicoeducalleida.com\/#\/schema\/person\/0eb30a2e50f2a4889ed2329922dab86d"},"headline":"Benestar emocional adolescent: Troba ajuda i suport a Lleida","datePublished":"2025-04-23T12:32:11+00:00","dateModified":"2025-05-13T06:03:48+00:00","mainEntityOfPage":{"@id":"https:\/\/psicoeducalleida.com\/benestar-emocional-adolescent-troba-ajuda-i-suport-a-lleida-2\/"},"wordCount":423,"publisher":{"@id":"https:\/\/psicoeducalleida.com\/#organization"},"image":{"@id":"https:\/\/psicoeducalleida.com\/benestar-emocional-adolescent-troba-ajuda-i-suport-a-lleida-2\/#primaryimage"},"thumbnailUrl":"https:\/\/psicoeducalleida.com\/wp-content\/uploads\/2025\/04\/3-scaled-e1745473872406.jpg","keywords":["ajuda adolescents Lleida","ansietat adolescents","benestar emocional adolescents","estr\u00e8s adolescents","salut mental adolescents Lleida","suport emocional adolescents","ter\u00e0pia adolescents Lleida"],"articleSection":["Blog"],"inLanguage":"es"},{"@type":"WebPage","@id":"https:\/\/psicoeducalleida.com\/benestar-emocional-adolescent-troba-ajuda-i-suport-a-lleida-2\/","url":"https:\/\/psicoeducalleida.com\/benestar-emocional-adolescent-troba-ajuda-i-suport-a-lleida-2\/","name":"Benestar emocional adolescent: Troba ajuda i suport a Lleida - Psicoeduca Lleida","isPartOf":{"@id":"https:\/\/psicoeducalleida.com\/#website"},"primaryImageOfPage":{"@id":"https:\/\/psicoeducalleida.com\/benestar-emocional-adolescent-troba-ajuda-i-suport-a-lleida-2\/#primaryimage"},"image":{"@id":"https:\/\/psicoeducalleida.com\/benestar-emocional-adolescent-troba-ajuda-i-suport-a-lleida-2\/#primaryimage"},"thumbnailUrl":"https:\/\/psicoeducalleida.com\/wp-content\/uploads\/2025\/04\/3-scaled-e1745473872406.jpg","datePublished":"2025-04-23T12:32:11+00:00","dateModified":"2025-05-13T06:03:48+00:00","description":"L'adolesc\u00e8ncia \u00e9s una etapa de grans canvis i desafiaments, i per als joves de Lleida, com per a molts arreu, cuidar el benestar emocional \u00e9s fonamental. A Psicoeduca, entenem la import\u00e0ncia d'oferir eines i recursos per afrontar les dificultats d'aquesta etapa.","breadcrumb":{"@id":"https:\/\/psicoeducalleida.com\/benestar-emocional-adolescent-troba-ajuda-i-suport-a-lleida-2\/#breadcrumb"},"inLanguage":"es","potentialAction":[{"@type":"ReadAction","target":["https:\/\/psicoeducalleida.com\/benestar-emocional-adolescent-troba-ajuda-i-suport-a-lleida-2\/"]}]},{"@type":"ImageObject","inLanguage":"es","@id":"https:\/\/psicoeducalleida.com\/benestar-emocional-adolescent-troba-ajuda-i-suport-a-lleida-2\/#primaryimage","url":"https:\/\/psicoeducalleida.com\/wp-content\/uploads\/2025\/04\/3-scaled-e1745473872406.jpg","contentUrl":"https:\/\/psicoeducalleida.com\/wp-content\/uploads\/2025\/04\/3-scaled-e1745473872406.jpg","width":2560,"height":1770},{"@type":"BreadcrumbList","@id":"https:\/\/psicoeducalleida.com\/benestar-emocional-adolescent-troba-ajuda-i-suport-a-lleida-2\/#breadcrumb","itemListElement":[{"@type":"ListItem","position":1,"name":"Portada","item":"https:\/\/psicoeducalleida.com\/"},{"@type":"ListItem","position":2,"name":"Benestar emocional adolescent: Troba ajuda i suport a Lleida"}]},{"@type":"WebSite","@id":"https:\/\/psicoeducalleida.com\/#website","url":"https:\/\/psicoeducalleida.com\/","name":"Psicoeduca Lleida","description":"Servei de psicologia i psicopedagogia a Lleida per a infants, joves i fam\u00edlies. Acompanyament personalitzat i professional","publisher":{"@id":"https:\/\/psicoeducalleida.com\/#organization"},"potentialAction":[{"@type":"SearchAction","target":{"@type":"EntryPoint","urlTemplate":"https:\/\/psicoeducalleida.com\/?s={search_term_string}"},"query-input":{"@type":"PropertyValueSpecification","valueRequired":true,"valueName":"search_term_string"}}],"inLanguage":"es"},{"@type":"Organization","@id":"https:\/\/psicoeducalleida.com\/#organization","name":"Psicoeduca Lleida","url":"https:\/\/psicoeducalleida.com\/","logo":{"@type":"ImageObject","inLanguage":"es","@id":"https:\/\/psicoeducalleida.com\/#\/schema\/logo\/image\/","url":"https:\/\/psicoeducalleida.com\/wp-content\/uploads\/2025\/04\/cropped-cropped-logo-sin-fondo-final-2.png","contentUrl":"https:\/\/psicoeducalleida.com\/wp-content\/uploads\/2025\/04\/cropped-cropped-logo-sin-fondo-final-2.png","width":1024,"height":524,"caption":"Psicoeduca Lleida"},"image":{"@id":"https:\/\/psicoeducalleida.com\/#\/schema\/logo\/image\/"}},{"@type":"Person","@id":"https:\/\/psicoeducalleida.com\/#\/schema\/person\/0eb30a2e50f2a4889ed2329922dab86d","name":"fonfrialuna@gmail.com","image":{"@type":"ImageObject","inLanguage":"es","@id":"https:\/\/secure.gravatar.com\/avatar\/a2499c2746a11fa15d3e35b1707bc931851581c569fa0c575a0a31b50de8c55e?s=96&d=mm&r=g","url":"https:\/\/secure.gravatar.com\/avatar\/a2499c2746a11fa15d3e35b1707bc931851581c569fa0c575a0a31b50de8c55e?s=96&d=mm&r=g","contentUrl":"https:\/\/secure.gravatar.com\/avatar\/a2499c2746a11fa15d3e35b1707bc931851581c569fa0c575a0a31b50de8c55e?s=96&d=mm&r=g","caption":"fonfrialuna@gmail.com"},"sameAs":["http:\/\/psicoeducalleida.com"],"url":"https:\/\/psicoeducalleida.com\/es\/author\/fonfrialunagmail-com\/"}]}},"uagb_featured_image_src":{"full":["https:\/\/psicoeducalleida.com\/wp-content\/uploads\/2025\/04\/3-scaled-e1745473872406.jpg",2560,1770,false],"thumbnail":["https:\/\/psicoeducalleida.com\/wp-content\/uploads\/2025\/04\/3-scaled-e1745473872406-150x150.jpg",150,150,true],"medium":["https:\/\/psicoeducalleida.com\/wp-content\/uploads\/2025\/04\/3-scaled-e1745473872406-300x207.jpg",300,207,true],"medium_large":["https:\/\/psicoeducalleida.com\/wp-content\/uploads\/2025\/04\/3-scaled-e1745473872406-768x531.jpg",768,531,true],"large":["https:\/\/psicoeducalleida.com\/wp-content\/uploads\/2025\/04\/3-scaled-e1745473872406-1024x708.jpg",1024,708,true],"1536x1536":["https:\/\/psicoeducalleida.com\/wp-content\/uploads\/2025\/04\/3-scaled-e1745473872406-1536x1062.jpg",1536,1062,true],"2048x2048":["https:\/\/psicoeducalleida.com\/wp-content\/uploads\/2025\/04\/3-scaled-e1745473872406-2048x1416.jpg",2048,1416,true],"trp-custom-language-flag":["https:\/\/psicoeducalleida.com\/wp-content\/uploads\/2025\/04\/3-scaled-e1745473872406.jpg",18,12,false]},"uagb_author_info":{"display_name":"fonfrialuna@gmail.com","author_link":"https:\/\/psicoeducalleida.com\/es\/author\/fonfrialunagmail-com\/"},"uagb_comment_info":0,"uagb_excerpt":"L&#8217;adolesc\u00e8ncia \u00e9s una etapa de grans canvis i desafiaments, i per als joves de Lleida, com per a molts arreu, cuidar el benestar emocional \u00e9s fonamental. A Psicoeduca, entenem la import\u00e0ncia d&#8217;oferir eines i recursos per afrontar les dificultats d&#8217;aquesta etapa. Reptes comuns per al benestar emocional adolescent: On trobar ajuda i suport a Lleida:&hellip;","_links":{"self":[{"href":"https:\/\/psicoeducalleida.com\/es\/wp-json\/wp\/v2\/posts\/1981","targetHints":{"allow":["GET"]}}],"collection":[{"href":"https:\/\/psicoeducalleida.com\/es\/wp-json\/wp\/v2\/posts"}],"about":[{"href":"https:\/\/psicoeducalleida.com\/es\/wp-json\/wp\/v2\/types\/post"}],"author":[{"embeddable":true,"href":"https:\/\/psicoeducalleida.com\/es\/wp-json\/wp\/v2\/users\/1"}],"replies":[{"embeddable":true,"href":"https:\/\/psicoeducalleida.com\/es\/wp-json\/wp\/v2\/comments?post=1981"}],"version-history":[{"count":1,"href":"https:\/\/psicoeducalleida.com\/es\/wp-json\/wp\/v2\/posts\/1981\/revisions"}],"predecessor-version":[{"id":1982,"href":"https:\/\/psicoeducalleida.com\/es\/wp-json\/wp\/v2\/posts\/1981\/revisions\/1982"}],"wp:featuredmedia":[{"embeddable":true,"href":"https:\/\/psicoeducalleida.com\/es\/wp-json\/wp\/v2\/media\/2022"}],"wp:attachment":[{"href":"https:\/\/psicoeducalleida.com\/es\/wp-json\/wp\/v2\/media?parent=1981"}],"wp:term":[{"taxonomy":"category","embeddable":true,"href":"https:\/\/psicoeducalleida.com\/es\/wp-json\/wp\/v2\/categories?post=1981"},{"taxonomy":"post_tag","embeddable":true,"href":"https:\/\/psicoeducalleida.com\/es\/wp-json\/wp\/v2\/tags?post=1981"}],"curies":[{"name":"wp","href":"https:\/\/api.w.org\/{rel}","templated":true}]}}