{"id":1973,"date":"2025-04-23T12:29:46","date_gmt":"2025-04-23T12:29:46","guid":{"rendered":"https:\/\/psicoeducalleida.com\/?p=1973"},"modified":"2025-05-13T06:04:50","modified_gmt":"2025-05-13T06:04:50","slug":"adolescents-enganxats-al-mobil-estrategies-per-a-un-us-saludable","status":"publish","type":"post","link":"https:\/\/psicoeducalleida.com\/es\/adolescents-enganxats-al-mobil-estrategies-per-a-un-us-saludable\/","title":{"rendered":"Adolescents enganxats al m\u00f2bil: Estrat\u00e8gies per a un \u00fas saludable"},"content":{"rendered":"<p>L&#8217;\u00fas del m\u00f2bil \u00e9s una part integral de la vida dels adolescents a Lleida, igual que arreu. Tot i que els ofereix connexi\u00f3 social i acc\u00e9s a informaci\u00f3, un \u00fas excessiu pot generar problemes. A Psicoeduca Lleida, proposem algunes estrat\u00e8gies per fomentar un \u00fas saludable.<\/p>\n\n\n\n<p><strong>Riscos d&#8217;un \u00fas excessiu del m\u00f2bil en adolescents:<\/strong><\/p>\n\n\n\n<ul class=\"wp-block-list\">\n<li><strong>Problemes de son:<\/strong> La llum blava emesa per les pantalles pot interferir amb la producci\u00f3 de melatonina, l&#8217;hormona del son.<\/li>\n\n\n\n<li><strong>Ansietat i depressi\u00f3:<\/strong> La comparaci\u00f3 social a les xarxes i el risc de ciberassetjament poden afectar la salut mental.<\/li>\n\n\n\n<li><strong>A\u00efllament social:<\/strong> Un exc\u00e9s de temps online pot reduir les interaccions cara a cara importants per al desenvolupament social.<\/li>\n\n\n\n<li><strong>Baix rendiment acad\u00e8mic:<\/strong> La distracci\u00f3 constant pot dificultar la concentraci\u00f3 en els estudis.<\/li>\n\n\n\n<li><strong>Sedentarisme:<\/strong> Passar moltes hores amb el m\u00f2bil redueix el temps dedicat a l&#8217;activitat f\u00edsica.<\/li>\n<\/ul>\n\n\n\n<p><strong>Estrat\u00e8gies per a un \u00fas saludable:<\/strong><\/p>\n\n\n\n<ol class=\"wp-block-list\">\n<li><strong>Establir l\u00edmits de temps clars:<\/strong> Pacteu amb els vostres fills adolescents un temps d&#8217;\u00fas diari i setmanal raonable. Utilitzeu aplicacions de control parental si cal.<\/li>\n\n\n\n<li><strong>Crear zones i moments &#8220;sense m\u00f2bil&#8221;:<\/strong> Definiu espais com els menjadors o els dormitoris i moments com les hores de menjar o abans d&#8217;anar a dormir com a zones lliures de m\u00f2bils.<\/li>\n\n\n\n<li><strong>Fomentar activitats alternatives:<\/strong> Animeu els vostres fills a participar en esports, aficions, activitats art\u00edstiques o a passar temps amb amics en persona.<\/li>\n\n\n\n<li><strong>Predicar amb l&#8217;exemple:<\/strong> Els adolescents observen els h\u00e0bits dels seus pares. Intenteu limitar el vostre propi \u00fas del m\u00f2bil, especialment en moments familiars.<\/li>\n\n\n\n<li><strong>Educar sobre la privacitat i la seguretat online:<\/strong> Parleu amb ells sobre els riscos de compartir informaci\u00f3 personal i com protegir-se del ciberassetjament.<\/li>\n\n\n\n<li><strong>Promoure la consci\u00e8ncia de l&#8217;\u00fas:<\/strong> Animeu els adolescents a reflexionar sobre quant temps passen al m\u00f2bil i com els fa sentir. Hi ha aplicacions que poden ajudar a fer un seguiment de l&#8217;\u00fas.<\/li>\n\n\n\n<li><strong>Buscar ajuda professional si \u00e9s necessari:<\/strong> Si l&#8217;\u00fas del m\u00f2bil est\u00e0 generant conflictes o afectant negativament la vida del vostre fill, no dubteu a contactar amb Psicoeduca Lleida per obtenir orientaci\u00f3.<\/li>\n<\/ol>\n\n\n\n<p>A Psicoeduca Lleida, la nostra psicopedagoga Gemma Llovera pot oferir suport tant als adolescents com a les fam\u00edlies per gestionar l&#8217;\u00fas de la tecnologia de manera saludable.<\/p>","protected":false},"excerpt":{"rendered":"<p>L&#8217;\u00fas del m\u00f2bil \u00e9s una part integral de la vida dels adolescents a Lleida, igual que arreu. Tot i que els ofereix connexi\u00f3 social i acc\u00e9s a informaci\u00f3, un \u00fas excessiu pot generar problemes. A Psicoeduca Lleida, proposem algunes estrat\u00e8gies per fomentar un \u00fas saludable. Riscos d&#8217;un \u00fas excessiu del m\u00f2bil en adolescents: Estrat\u00e8gies per [&hellip;]<\/p>","protected":false},"author":1,"featured_media":2024,"comment_status":"closed","ping_status":"open","sticky":false,"template":"","format":"standard","meta":{"_uag_custom_page_level_css":"","site-sidebar-layout":"default","site-content-layout":"","ast-site-content-layout":"default","site-content-style":"default","site-sidebar-style":"default","ast-global-header-display":"","ast-banner-title-visibility":"","ast-main-header-display":"","ast-hfb-above-header-display":"","ast-hfb-below-header-display":"","ast-hfb-mobile-header-display":"","site-post-title":"","ast-breadcrumbs-content":"","ast-featured-img":"","footer-sml-layout":"","ast-disable-related-posts":"","theme-transparent-header-meta":"","adv-header-id-meta":"","stick-header-meta":"","header-above-stick-meta":"","header-main-stick-meta":"","header-below-stick-meta":"","astra-migrate-meta-layouts":"set","ast-page-background-enabled":"default","ast-page-background-meta":{"desktop":{"background-color":"var(--ast-global-color-4)","background-image":"","background-repeat":"repeat","background-position":"center center","background-size":"auto","background-attachment":"scroll","background-type":"","background-media":"","overlay-type":"","overlay-color":"","overlay-opacity":"","overlay-gradient":""},"tablet":{"background-color":"","background-image":"","background-repeat":"repeat","background-position":"center center","background-size":"auto","background-attachment":"scroll","background-type":"","background-media":"","overlay-type":"","overlay-color":"","overlay-opacity":"","overlay-gradient":""},"mobile":{"background-color":"","background-image":"","background-repeat":"repeat","background-position":"center center","background-size":"auto","background-attachment":"scroll","background-type":"","background-media":"","overlay-type":"","overlay-color":"","overlay-opacity":"","overlay-gradient":""}},"ast-content-background-meta":{"desktop":{"background-color":"var(--ast-global-color-5)","background-image":"","background-repeat":"repeat","background-position":"center center","background-size":"auto","background-attachment":"scroll","background-type":"","background-media":"","overlay-type":"","overlay-color":"","overlay-opacity":"","overlay-gradient":""},"tablet":{"background-color":"var(--ast-global-color-5)","background-image":"","background-repeat":"repeat","background-position":"center center","background-size":"auto","background-attachment":"scroll","background-type":"","background-media":"","overlay-type":"","overlay-color":"","overlay-opacity":"","overlay-gradient":""},"mobile":{"background-color":"var(--ast-global-color-5)","background-image":"","background-repeat":"repeat","background-position":"center center","background-size":"auto","background-attachment":"scroll","background-type":"","background-media":"","overlay-type":"","overlay-color":"","overlay-opacity":"","overlay-gradient":""}},"_kadence_starter_templates_imported_post":false,"footnotes":""},"categories":[23],"tags":[40,43,42,36,41,39],"class_list":["post-1973","post","type-post","status-publish","format-standard","has-post-thumbnail","hentry","category-blog","tag-addiccio-mobil-adolescents","tag-consells-pares-mobils-adolescents","tag-mobils-i-adolescents","tag-salut-mental-adolescents-lleida","tag-temps-de-pantalla-adolescents","tag-us-mobils-adolescents"],"yoast_head":"<!-- This site is optimized with the Yoast SEO plugin v27.4 - https:\/\/yoast.com\/product\/yoast-seo-wordpress\/ -->\n<title>Adolescents enganxats al m\u00f2bil: Estrat\u00e8gies per a un \u00fas saludable - Psicoeduca Lleida<\/title>\n<meta name=\"description\" content=\"L&#039;\u00fas del m\u00f2bil \u00e9s una part integral de la vida dels adolescents a Lleida, igual que arreu. Tot i que els ofereix connexi\u00f3 social i acc\u00e9s a informaci\u00f3, un \u00fas excessiu pot generar problemes. A Psicoeduca Lleida, proposem algunes estrat\u00e8gies per fomentar un \u00fas saludable.\" \/>\n<meta name=\"robots\" content=\"index, follow, max-snippet:-1, max-image-preview:large, max-video-preview:-1\" \/>\n<link rel=\"canonical\" href=\"https:\/\/psicoeducalleida.com\/es\/adolescents-enganxats-al-mobil-estrategies-per-a-un-us-saludable\/\" \/>\n<meta property=\"og:locale\" content=\"es_ES\" \/>\n<meta property=\"og:type\" content=\"article\" \/>\n<meta property=\"og:title\" content=\"Adolescents enganxats al m\u00f2bil: Estrat\u00e8gies per a un \u00fas saludable - Psicoeduca Lleida\" \/>\n<meta property=\"og:description\" content=\"L&#039;\u00fas del m\u00f2bil \u00e9s una part integral de la vida dels adolescents a Lleida, igual que arreu. Tot i que els ofereix connexi\u00f3 social i acc\u00e9s a informaci\u00f3, un \u00fas excessiu pot generar problemes. A Psicoeduca Lleida, proposem algunes estrat\u00e8gies per fomentar un \u00fas saludable.\" \/>\n<meta property=\"og:url\" content=\"https:\/\/psicoeducalleida.com\/es\/adolescents-enganxats-al-mobil-estrategies-per-a-un-us-saludable\/\" \/>\n<meta property=\"og:site_name\" content=\"Psicoeduca Lleida\" \/>\n<meta property=\"article:published_time\" content=\"2025-04-23T12:29:46+00:00\" \/>\n<meta property=\"article:modified_time\" content=\"2025-05-13T06:04:50+00:00\" \/>\n<meta property=\"og:image\" content=\"https:\/\/psicoeducalleida.com\/wp-content\/uploads\/2025\/04\/5-scaled-e1745416765559.jpg\" \/>\n\t<meta property=\"og:image:width\" content=\"1920\" \/>\n\t<meta property=\"og:image:height\" content=\"1890\" \/>\n\t<meta property=\"og:image:type\" content=\"image\/jpeg\" \/>\n<meta name=\"author\" content=\"fonfrialuna@gmail.com\" \/>\n<meta name=\"twitter:card\" content=\"summary_large_image\" \/>\n<meta name=\"twitter:label1\" content=\"Escrito por\" \/>\n\t<meta name=\"twitter:data1\" content=\"fonfrialuna@gmail.com\" \/>\n\t<meta name=\"twitter:label2\" content=\"Tiempo de lectura\" \/>\n\t<meta name=\"twitter:data2\" content=\"3 minutos\" \/>\n<script type=\"application\/ld+json\" class=\"yoast-schema-graph\">{\"@context\":\"https:\\\/\\\/schema.org\",\"@graph\":[{\"@type\":\"Article\",\"@id\":\"https:\\\/\\\/psicoeducalleida.com\\\/adolescents-enganxats-al-mobil-estrategies-per-a-un-us-saludable\\\/#article\",\"isPartOf\":{\"@id\":\"https:\\\/\\\/psicoeducalleida.com\\\/adolescents-enganxats-al-mobil-estrategies-per-a-un-us-saludable\\\/\"},\"author\":{\"name\":\"fonfrialuna@gmail.com\",\"@id\":\"https:\\\/\\\/psicoeducalleida.com\\\/#\\\/schema\\\/person\\\/0eb30a2e50f2a4889ed2329922dab86d\"},\"headline\":\"Adolescents enganxats al m\u00f2bil: Estrat\u00e8gies per a un \u00fas saludable\",\"datePublished\":\"2025-04-23T12:29:46+00:00\",\"dateModified\":\"2025-05-13T06:04:50+00:00\",\"mainEntityOfPage\":{\"@id\":\"https:\\\/\\\/psicoeducalleida.com\\\/adolescents-enganxats-al-mobil-estrategies-per-a-un-us-saludable\\\/\"},\"wordCount\":403,\"publisher\":{\"@id\":\"https:\\\/\\\/psicoeducalleida.com\\\/#organization\"},\"image\":{\"@id\":\"https:\\\/\\\/psicoeducalleida.com\\\/adolescents-enganxats-al-mobil-estrategies-per-a-un-us-saludable\\\/#primaryimage\"},\"thumbnailUrl\":\"https:\\\/\\\/psicoeducalleida.com\\\/wp-content\\\/uploads\\\/2025\\\/04\\\/5-scaled-e1745416765559.jpg\",\"keywords\":[\"addicci\u00f3 m\u00f2bil adolescents\",\"consells pares m\u00f2bils adolescents\",\"m\u00f2bils i adolescents\",\"salut mental adolescents Lleida\",\"temps de pantalla adolescents\",\"\u00fas m\u00f2bils adolescents\"],\"articleSection\":[\"Blog\"],\"inLanguage\":\"es\"},{\"@type\":\"WebPage\",\"@id\":\"https:\\\/\\\/psicoeducalleida.com\\\/adolescents-enganxats-al-mobil-estrategies-per-a-un-us-saludable\\\/\",\"url\":\"https:\\\/\\\/psicoeducalleida.com\\\/adolescents-enganxats-al-mobil-estrategies-per-a-un-us-saludable\\\/\",\"name\":\"Adolescents enganxats al m\u00f2bil: Estrat\u00e8gies per a un \u00fas saludable - Psicoeduca Lleida\",\"isPartOf\":{\"@id\":\"https:\\\/\\\/psicoeducalleida.com\\\/#website\"},\"primaryImageOfPage\":{\"@id\":\"https:\\\/\\\/psicoeducalleida.com\\\/adolescents-enganxats-al-mobil-estrategies-per-a-un-us-saludable\\\/#primaryimage\"},\"image\":{\"@id\":\"https:\\\/\\\/psicoeducalleida.com\\\/adolescents-enganxats-al-mobil-estrategies-per-a-un-us-saludable\\\/#primaryimage\"},\"thumbnailUrl\":\"https:\\\/\\\/psicoeducalleida.com\\\/wp-content\\\/uploads\\\/2025\\\/04\\\/5-scaled-e1745416765559.jpg\",\"datePublished\":\"2025-04-23T12:29:46+00:00\",\"dateModified\":\"2025-05-13T06:04:50+00:00\",\"description\":\"L'\u00fas del m\u00f2bil \u00e9s una part integral de la vida dels adolescents a Lleida, igual que arreu. Tot i que els ofereix connexi\u00f3 social i acc\u00e9s a informaci\u00f3, un \u00fas excessiu pot generar problemes. A Psicoeduca Lleida, proposem algunes estrat\u00e8gies per fomentar un \u00fas saludable.\",\"breadcrumb\":{\"@id\":\"https:\\\/\\\/psicoeducalleida.com\\\/adolescents-enganxats-al-mobil-estrategies-per-a-un-us-saludable\\\/#breadcrumb\"},\"inLanguage\":\"es\",\"potentialAction\":[{\"@type\":\"ReadAction\",\"target\":[\"https:\\\/\\\/psicoeducalleida.com\\\/adolescents-enganxats-al-mobil-estrategies-per-a-un-us-saludable\\\/\"]}]},{\"@type\":\"ImageObject\",\"inLanguage\":\"es\",\"@id\":\"https:\\\/\\\/psicoeducalleida.com\\\/adolescents-enganxats-al-mobil-estrategies-per-a-un-us-saludable\\\/#primaryimage\",\"url\":\"https:\\\/\\\/psicoeducalleida.com\\\/wp-content\\\/uploads\\\/2025\\\/04\\\/5-scaled-e1745416765559.jpg\",\"contentUrl\":\"https:\\\/\\\/psicoeducalleida.com\\\/wp-content\\\/uploads\\\/2025\\\/04\\\/5-scaled-e1745416765559.jpg\",\"width\":1920,\"height\":1890},{\"@type\":\"BreadcrumbList\",\"@id\":\"https:\\\/\\\/psicoeducalleida.com\\\/adolescents-enganxats-al-mobil-estrategies-per-a-un-us-saludable\\\/#breadcrumb\",\"itemListElement\":[{\"@type\":\"ListItem\",\"position\":1,\"name\":\"Portada\",\"item\":\"https:\\\/\\\/psicoeducalleida.com\\\/\"},{\"@type\":\"ListItem\",\"position\":2,\"name\":\"Adolescents enganxats al m\u00f2bil: Estrat\u00e8gies per a un \u00fas saludable\"}]},{\"@type\":\"WebSite\",\"@id\":\"https:\\\/\\\/psicoeducalleida.com\\\/#website\",\"url\":\"https:\\\/\\\/psicoeducalleida.com\\\/\",\"name\":\"Psicoeduca Lleida\",\"description\":\"Servei de psicologia i psicopedagogia a Lleida per a infants, joves i fam\u00edlies. Acompanyament personalitzat i professional\",\"publisher\":{\"@id\":\"https:\\\/\\\/psicoeducalleida.com\\\/#organization\"},\"potentialAction\":[{\"@type\":\"SearchAction\",\"target\":{\"@type\":\"EntryPoint\",\"urlTemplate\":\"https:\\\/\\\/psicoeducalleida.com\\\/?s={search_term_string}\"},\"query-input\":{\"@type\":\"PropertyValueSpecification\",\"valueRequired\":true,\"valueName\":\"search_term_string\"}}],\"inLanguage\":\"es\"},{\"@type\":\"Organization\",\"@id\":\"https:\\\/\\\/psicoeducalleida.com\\\/#organization\",\"name\":\"Psicoeduca Lleida\",\"url\":\"https:\\\/\\\/psicoeducalleida.com\\\/\",\"logo\":{\"@type\":\"ImageObject\",\"inLanguage\":\"es\",\"@id\":\"https:\\\/\\\/psicoeducalleida.com\\\/#\\\/schema\\\/logo\\\/image\\\/\",\"url\":\"https:\\\/\\\/psicoeducalleida.com\\\/wp-content\\\/uploads\\\/2025\\\/04\\\/cropped-cropped-logo-sin-fondo-final-2.png\",\"contentUrl\":\"https:\\\/\\\/psicoeducalleida.com\\\/wp-content\\\/uploads\\\/2025\\\/04\\\/cropped-cropped-logo-sin-fondo-final-2.png\",\"width\":1024,\"height\":524,\"caption\":\"Psicoeduca Lleida\"},\"image\":{\"@id\":\"https:\\\/\\\/psicoeducalleida.com\\\/#\\\/schema\\\/logo\\\/image\\\/\"}},{\"@type\":\"Person\",\"@id\":\"https:\\\/\\\/psicoeducalleida.com\\\/#\\\/schema\\\/person\\\/0eb30a2e50f2a4889ed2329922dab86d\",\"name\":\"fonfrialuna@gmail.com\",\"image\":{\"@type\":\"ImageObject\",\"inLanguage\":\"es\",\"@id\":\"https:\\\/\\\/secure.gravatar.com\\\/avatar\\\/a2499c2746a11fa15d3e35b1707bc931851581c569fa0c575a0a31b50de8c55e?s=96&d=mm&r=g\",\"url\":\"https:\\\/\\\/secure.gravatar.com\\\/avatar\\\/a2499c2746a11fa15d3e35b1707bc931851581c569fa0c575a0a31b50de8c55e?s=96&d=mm&r=g\",\"contentUrl\":\"https:\\\/\\\/secure.gravatar.com\\\/avatar\\\/a2499c2746a11fa15d3e35b1707bc931851581c569fa0c575a0a31b50de8c55e?s=96&d=mm&r=g\",\"caption\":\"fonfrialuna@gmail.com\"},\"sameAs\":[\"http:\\\/\\\/psicoeducalleida.com\"],\"url\":\"https:\\\/\\\/psicoeducalleida.com\\\/es\\\/author\\\/fonfrialunagmail-com\\\/\"}]}<\/script>\n<!-- \/ Yoast SEO plugin. -->","yoast_head_json":{"title":"Adolescents enganxats al m\u00f2bil: Estrat\u00e8gies per a un \u00fas saludable - Psicoeduca Lleida","description":"L'\u00fas del m\u00f2bil \u00e9s una part integral de la vida dels adolescents a Lleida, igual que arreu. Tot i que els ofereix connexi\u00f3 social i acc\u00e9s a informaci\u00f3, un \u00fas excessiu pot generar problemes. A Psicoeduca Lleida, proposem algunes estrat\u00e8gies per fomentar un \u00fas saludable.","robots":{"index":"index","follow":"follow","max-snippet":"max-snippet:-1","max-image-preview":"max-image-preview:large","max-video-preview":"max-video-preview:-1"},"canonical":"https:\/\/psicoeducalleida.com\/es\/adolescents-enganxats-al-mobil-estrategies-per-a-un-us-saludable\/","og_locale":"es_ES","og_type":"article","og_title":"Adolescents enganxats al m\u00f2bil: Estrat\u00e8gies per a un \u00fas saludable - Psicoeduca Lleida","og_description":"L'\u00fas del m\u00f2bil \u00e9s una part integral de la vida dels adolescents a Lleida, igual que arreu. Tot i que els ofereix connexi\u00f3 social i acc\u00e9s a informaci\u00f3, un \u00fas excessiu pot generar problemes. A Psicoeduca Lleida, proposem algunes estrat\u00e8gies per fomentar un \u00fas saludable.","og_url":"https:\/\/psicoeducalleida.com\/es\/adolescents-enganxats-al-mobil-estrategies-per-a-un-us-saludable\/","og_site_name":"Psicoeduca Lleida","article_published_time":"2025-04-23T12:29:46+00:00","article_modified_time":"2025-05-13T06:04:50+00:00","og_image":[{"width":1920,"height":1890,"url":"https:\/\/psicoeducalleida.com\/wp-content\/uploads\/2025\/04\/5-scaled-e1745416765559.jpg","type":"image\/jpeg"}],"author":"fonfrialuna@gmail.com","twitter_card":"summary_large_image","twitter_misc":{"Escrito por":"fonfrialuna@gmail.com","Tiempo de lectura":"3 minutos"},"schema":{"@context":"https:\/\/schema.org","@graph":[{"@type":"Article","@id":"https:\/\/psicoeducalleida.com\/adolescents-enganxats-al-mobil-estrategies-per-a-un-us-saludable\/#article","isPartOf":{"@id":"https:\/\/psicoeducalleida.com\/adolescents-enganxats-al-mobil-estrategies-per-a-un-us-saludable\/"},"author":{"name":"fonfrialuna@gmail.com","@id":"https:\/\/psicoeducalleida.com\/#\/schema\/person\/0eb30a2e50f2a4889ed2329922dab86d"},"headline":"Adolescents enganxats al m\u00f2bil: Estrat\u00e8gies per a un \u00fas saludable","datePublished":"2025-04-23T12:29:46+00:00","dateModified":"2025-05-13T06:04:50+00:00","mainEntityOfPage":{"@id":"https:\/\/psicoeducalleida.com\/adolescents-enganxats-al-mobil-estrategies-per-a-un-us-saludable\/"},"wordCount":403,"publisher":{"@id":"https:\/\/psicoeducalleida.com\/#organization"},"image":{"@id":"https:\/\/psicoeducalleida.com\/adolescents-enganxats-al-mobil-estrategies-per-a-un-us-saludable\/#primaryimage"},"thumbnailUrl":"https:\/\/psicoeducalleida.com\/wp-content\/uploads\/2025\/04\/5-scaled-e1745416765559.jpg","keywords":["addicci\u00f3 m\u00f2bil adolescents","consells pares m\u00f2bils adolescents","m\u00f2bils i adolescents","salut mental adolescents Lleida","temps de pantalla adolescents","\u00fas m\u00f2bils adolescents"],"articleSection":["Blog"],"inLanguage":"es"},{"@type":"WebPage","@id":"https:\/\/psicoeducalleida.com\/adolescents-enganxats-al-mobil-estrategies-per-a-un-us-saludable\/","url":"https:\/\/psicoeducalleida.com\/adolescents-enganxats-al-mobil-estrategies-per-a-un-us-saludable\/","name":"Adolescents enganxats al m\u00f2bil: Estrat\u00e8gies per a un \u00fas saludable - Psicoeduca Lleida","isPartOf":{"@id":"https:\/\/psicoeducalleida.com\/#website"},"primaryImageOfPage":{"@id":"https:\/\/psicoeducalleida.com\/adolescents-enganxats-al-mobil-estrategies-per-a-un-us-saludable\/#primaryimage"},"image":{"@id":"https:\/\/psicoeducalleida.com\/adolescents-enganxats-al-mobil-estrategies-per-a-un-us-saludable\/#primaryimage"},"thumbnailUrl":"https:\/\/psicoeducalleida.com\/wp-content\/uploads\/2025\/04\/5-scaled-e1745416765559.jpg","datePublished":"2025-04-23T12:29:46+00:00","dateModified":"2025-05-13T06:04:50+00:00","description":"L'\u00fas del m\u00f2bil \u00e9s una part integral de la vida dels adolescents a Lleida, igual que arreu. Tot i que els ofereix connexi\u00f3 social i acc\u00e9s a informaci\u00f3, un \u00fas excessiu pot generar problemes. A Psicoeduca Lleida, proposem algunes estrat\u00e8gies per fomentar un \u00fas saludable.","breadcrumb":{"@id":"https:\/\/psicoeducalleida.com\/adolescents-enganxats-al-mobil-estrategies-per-a-un-us-saludable\/#breadcrumb"},"inLanguage":"es","potentialAction":[{"@type":"ReadAction","target":["https:\/\/psicoeducalleida.com\/adolescents-enganxats-al-mobil-estrategies-per-a-un-us-saludable\/"]}]},{"@type":"ImageObject","inLanguage":"es","@id":"https:\/\/psicoeducalleida.com\/adolescents-enganxats-al-mobil-estrategies-per-a-un-us-saludable\/#primaryimage","url":"https:\/\/psicoeducalleida.com\/wp-content\/uploads\/2025\/04\/5-scaled-e1745416765559.jpg","contentUrl":"https:\/\/psicoeducalleida.com\/wp-content\/uploads\/2025\/04\/5-scaled-e1745416765559.jpg","width":1920,"height":1890},{"@type":"BreadcrumbList","@id":"https:\/\/psicoeducalleida.com\/adolescents-enganxats-al-mobil-estrategies-per-a-un-us-saludable\/#breadcrumb","itemListElement":[{"@type":"ListItem","position":1,"name":"Portada","item":"https:\/\/psicoeducalleida.com\/"},{"@type":"ListItem","position":2,"name":"Adolescents enganxats al m\u00f2bil: Estrat\u00e8gies per a un \u00fas saludable"}]},{"@type":"WebSite","@id":"https:\/\/psicoeducalleida.com\/#website","url":"https:\/\/psicoeducalleida.com\/","name":"Psicoeduca Lleida","description":"Servei de psicologia i psicopedagogia a Lleida per a infants, joves i fam\u00edlies. Acompanyament personalitzat i professional","publisher":{"@id":"https:\/\/psicoeducalleida.com\/#organization"},"potentialAction":[{"@type":"SearchAction","target":{"@type":"EntryPoint","urlTemplate":"https:\/\/psicoeducalleida.com\/?s={search_term_string}"},"query-input":{"@type":"PropertyValueSpecification","valueRequired":true,"valueName":"search_term_string"}}],"inLanguage":"es"},{"@type":"Organization","@id":"https:\/\/psicoeducalleida.com\/#organization","name":"Psicoeduca Lleida","url":"https:\/\/psicoeducalleida.com\/","logo":{"@type":"ImageObject","inLanguage":"es","@id":"https:\/\/psicoeducalleida.com\/#\/schema\/logo\/image\/","url":"https:\/\/psicoeducalleida.com\/wp-content\/uploads\/2025\/04\/cropped-cropped-logo-sin-fondo-final-2.png","contentUrl":"https:\/\/psicoeducalleida.com\/wp-content\/uploads\/2025\/04\/cropped-cropped-logo-sin-fondo-final-2.png","width":1024,"height":524,"caption":"Psicoeduca Lleida"},"image":{"@id":"https:\/\/psicoeducalleida.com\/#\/schema\/logo\/image\/"}},{"@type":"Person","@id":"https:\/\/psicoeducalleida.com\/#\/schema\/person\/0eb30a2e50f2a4889ed2329922dab86d","name":"fonfrialuna@gmail.com","image":{"@type":"ImageObject","inLanguage":"es","@id":"https:\/\/secure.gravatar.com\/avatar\/a2499c2746a11fa15d3e35b1707bc931851581c569fa0c575a0a31b50de8c55e?s=96&d=mm&r=g","url":"https:\/\/secure.gravatar.com\/avatar\/a2499c2746a11fa15d3e35b1707bc931851581c569fa0c575a0a31b50de8c55e?s=96&d=mm&r=g","contentUrl":"https:\/\/secure.gravatar.com\/avatar\/a2499c2746a11fa15d3e35b1707bc931851581c569fa0c575a0a31b50de8c55e?s=96&d=mm&r=g","caption":"fonfrialuna@gmail.com"},"sameAs":["http:\/\/psicoeducalleida.com"],"url":"https:\/\/psicoeducalleida.com\/es\/author\/fonfrialunagmail-com\/"}]}},"uagb_featured_image_src":{"full":["https:\/\/psicoeducalleida.com\/wp-content\/uploads\/2025\/04\/5-scaled-e1745416765559.jpg",1920,1890,false],"thumbnail":["https:\/\/psicoeducalleida.com\/wp-content\/uploads\/2025\/04\/5-scaled-e1745416765559-150x150.jpg",150,150,true],"medium":["https:\/\/psicoeducalleida.com\/wp-content\/uploads\/2025\/04\/5-scaled-e1745416765559-300x295.jpg",300,295,true],"medium_large":["https:\/\/psicoeducalleida.com\/wp-content\/uploads\/2025\/04\/5-scaled-e1745416765559-768x756.jpg",768,756,true],"large":["https:\/\/psicoeducalleida.com\/wp-content\/uploads\/2025\/04\/5-scaled-e1745416765559-1024x1008.jpg",1024,1008,true],"1536x1536":["https:\/\/psicoeducalleida.com\/wp-content\/uploads\/2025\/04\/5-scaled-e1745416765559-1536x1512.jpg",1536,1512,true],"2048x2048":["https:\/\/psicoeducalleida.com\/wp-content\/uploads\/2025\/04\/5-1536x2048.jpg",1536,2048,true],"trp-custom-language-flag":["https:\/\/psicoeducalleida.com\/wp-content\/uploads\/2025\/04\/5-scaled-e1745416765559.jpg",12,12,false]},"uagb_author_info":{"display_name":"fonfrialuna@gmail.com","author_link":"https:\/\/psicoeducalleida.com\/es\/author\/fonfrialunagmail-com\/"},"uagb_comment_info":0,"uagb_excerpt":"L&#8217;\u00fas del m\u00f2bil \u00e9s una part integral de la vida dels adolescents a Lleida, igual que arreu. Tot i que els ofereix connexi\u00f3 social i acc\u00e9s a informaci\u00f3, un \u00fas excessiu pot generar problemes. A Psicoeduca Lleida, proposem algunes estrat\u00e8gies per fomentar un \u00fas saludable. Riscos d&#8217;un \u00fas excessiu del m\u00f2bil en adolescents: Estrat\u00e8gies per&hellip;","_links":{"self":[{"href":"https:\/\/psicoeducalleida.com\/es\/wp-json\/wp\/v2\/posts\/1973","targetHints":{"allow":["GET"]}}],"collection":[{"href":"https:\/\/psicoeducalleida.com\/es\/wp-json\/wp\/v2\/posts"}],"about":[{"href":"https:\/\/psicoeducalleida.com\/es\/wp-json\/wp\/v2\/types\/post"}],"author":[{"embeddable":true,"href":"https:\/\/psicoeducalleida.com\/es\/wp-json\/wp\/v2\/users\/1"}],"replies":[{"embeddable":true,"href":"https:\/\/psicoeducalleida.com\/es\/wp-json\/wp\/v2\/comments?post=1973"}],"version-history":[{"count":2,"href":"https:\/\/psicoeducalleida.com\/es\/wp-json\/wp\/v2\/posts\/1973\/revisions"}],"predecessor-version":[{"id":2870,"href":"https:\/\/psicoeducalleida.com\/es\/wp-json\/wp\/v2\/posts\/1973\/revisions\/2870"}],"wp:featuredmedia":[{"embeddable":true,"href":"https:\/\/psicoeducalleida.com\/es\/wp-json\/wp\/v2\/media\/2024"}],"wp:attachment":[{"href":"https:\/\/psicoeducalleida.com\/es\/wp-json\/wp\/v2\/media?parent=1973"}],"wp:term":[{"taxonomy":"category","embeddable":true,"href":"https:\/\/psicoeducalleida.com\/es\/wp-json\/wp\/v2\/categories?post=1973"},{"taxonomy":"post_tag","embeddable":true,"href":"https:\/\/psicoeducalleida.com\/es\/wp-json\/wp\/v2\/tags?post=1973"}],"curies":[{"name":"wp","href":"https:\/\/api.w.org\/{rel}","templated":true}]}}