{"id":1969,"date":"2025-04-23T12:26:12","date_gmt":"2025-04-23T12:26:12","guid":{"rendered":"https:\/\/psicoeducalleida.com\/?p=1969"},"modified":"2025-05-13T06:05:02","modified_gmt":"2025-05-13T06:05:02","slug":"la-televisio-en-la-infancia-es-tan-dolenta-com-diuen-claus-per-a-un-us-responsable","status":"publish","type":"post","link":"https:\/\/psicoeducalleida.com\/es\/la-televisio-en-la-infancia-es-tan-dolenta-com-diuen-claus-per-a-un-us-responsable\/","title":{"rendered":"La televisi\u00f3 en la inf\u00e0ncia: \u00c9s tan dolenta com diuen? Claus per a un \u00fas responsable"},"content":{"rendered":"<p>La televisi\u00f3 ha estat durant d\u00e8cades una pres\u00e8ncia constant a les llars de Lleida i d&#8217;arreu. Tot i que ha evolucionat amb les plataformes de streaming, la pregunta sobre el seu impacte en els infants continua sent rellevant. A Psicoeduca Lleida, creiem que la clau no est\u00e0 en prohibir-la completament, sin\u00f3 en promoure un \u00fas responsable i conscient.<\/p>\n\n\n\n<p><strong>Possibles efectes de la televisi\u00f3 en els nens:<\/strong><\/p>\n\n\n\n<ul class=\"wp-block-list\">\n<li><strong>Desenvolupament cognitiu:<\/strong> Alguns programes poden ser educatius i estimular l&#8217;aprenentatge. No obstant aix\u00f2, un exc\u00e9s de televisi\u00f3, especialment en edats primerenques, podria limitar el temps dedicat a activitats m\u00e9s actives i creatives.<\/li>\n\n\n\n<li><strong>Desenvolupament del llenguatge:<\/strong> La interacci\u00f3 verbal \u00e9s crucial per al desenvolupament del llenguatge. Un nen que passa moltes hores veient la televisi\u00f3 pot tenir menys oportunitats de practicar la comunicaci\u00f3.<\/li>\n\n\n\n<li><strong>Comportament i emocions:<\/strong> L&#8217;exposici\u00f3 a contingut violent o inadequat per a la seva edat pot generar ansietat, agressivitat o dificultats per distingir la ficci\u00f3 de la realitat.<\/li>\n\n\n\n<li><strong>Salut f\u00edsica:<\/strong> Igual que amb els m\u00f2bils, un \u00fas excessiu de la televisi\u00f3 contribueix al sedentarisme i pot afectar els patrons de son.<\/li>\n<\/ul>\n\n\n\n<p><strong>Claus per a un \u00fas responsable de la televisi\u00f3:<\/strong><\/p>\n\n\n\n<ol class=\"wp-block-list\">\n<li><strong>Establir l\u00edmits de temps clars:<\/strong> Determineu un temps m\u00e0xim diari o setmanal per veure la televisi\u00f3 i assegureu-vos que es compleix.<\/li>\n\n\n\n<li><strong>Seleccionar contingut apropiat:<\/strong> Trieu programes i pel\u00b7l\u00edcules adequades per a l&#8217;edat i la maduresa dels vostres fills. Mireu junts alguns programes per poder comentar-los.<\/li>\n\n\n\n<li><strong>Fomentar la visualitzaci\u00f3 activa:<\/strong> No utilitzeu la televisi\u00f3 com a &#8220;babysitter&#8221;. Animeu els vostres fills a fer preguntes sobre el que veuen i parleu sobre els temes que sorgeixen.<\/li>\n\n\n\n<li><strong>Crear moments sense pantalles:<\/strong> Dediqueu temps a activitats en fam\u00edlia on la televisi\u00f3 no sigui present, com jocs de taula, lectura o passejades.<\/li>\n\n\n\n<li><strong>Predicar amb l&#8217;exemple:<\/strong> Limiteu el vostre propi temps davant de la televisi\u00f3, especialment quan esteu amb els vostres fills.<\/li>\n\n\n\n<li><strong>Estar alerta al contingut que consumeixen:<\/strong> Amb les plataformes de streaming, els nens tenen acc\u00e9s a una gran quantitat de contingut. Reviseu els seus perfils i activeu els controls parentals.<\/li>\n\n\n\n<li><strong>Paral\u00b7lelament a altres activitats:<\/strong> Assegureu-vos que veure la televisi\u00f3 no substitueixi activitats importants com fer els deures, llegir, jugar a l&#8217;aire lliure o dormir prou.<\/li>\n<\/ol>\n\n\n\n<p>A Psicoeduca Lleida, podem ajudar-vos a trobar un equilibri saludable en l&#8217;\u00fas de la tecnologia a la vostra llar. Contacteu amb la nostra psicopedagoga Gemma Llovera per obtenir consells personalitzats.<\/p>","protected":false},"excerpt":{"rendered":"<p>La televisi\u00f3 ha estat durant d\u00e8cades una pres\u00e8ncia constant a les llars de Lleida i d&#8217;arreu. Tot i que ha evolucionat amb les plataformes de streaming, la pregunta sobre el seu impacte en els infants continua sent rellevant. A Psicoeduca Lleida, creiem que la clau no est\u00e0 en prohibir-la completament, sin\u00f3 en promoure un \u00fas [&hellip;]<\/p>","protected":false},"author":1,"featured_media":2027,"comment_status":"closed","ping_status":"open","sticky":false,"template":"","format":"standard","meta":{"_uag_custom_page_level_css":"","site-sidebar-layout":"default","site-content-layout":"","ast-site-content-layout":"default","site-content-style":"default","site-sidebar-style":"default","ast-global-header-display":"","ast-banner-title-visibility":"","ast-main-header-display":"","ast-hfb-above-header-display":"","ast-hfb-below-header-display":"","ast-hfb-mobile-header-display":"","site-post-title":"","ast-breadcrumbs-content":"","ast-featured-img":"","footer-sml-layout":"","ast-disable-related-posts":"","theme-transparent-header-meta":"","adv-header-id-meta":"","stick-header-meta":"","header-above-stick-meta":"","header-main-stick-meta":"","header-below-stick-meta":"","astra-migrate-meta-layouts":"set","ast-page-background-enabled":"default","ast-page-background-meta":{"desktop":{"background-color":"var(--ast-global-color-4)","background-image":"","background-repeat":"repeat","background-position":"center center","background-size":"auto","background-attachment":"scroll","background-type":"","background-media":"","overlay-type":"","overlay-color":"","overlay-opacity":"","overlay-gradient":""},"tablet":{"background-color":"","background-image":"","background-repeat":"repeat","background-position":"center center","background-size":"auto","background-attachment":"scroll","background-type":"","background-media":"","overlay-type":"","overlay-color":"","overlay-opacity":"","overlay-gradient":""},"mobile":{"background-color":"","background-image":"","background-repeat":"repeat","background-position":"center center","background-size":"auto","background-attachment":"scroll","background-type":"","background-media":"","overlay-type":"","overlay-color":"","overlay-opacity":"","overlay-gradient":""}},"ast-content-background-meta":{"desktop":{"background-color":"var(--ast-global-color-5)","background-image":"","background-repeat":"repeat","background-position":"center center","background-size":"auto","background-attachment":"scroll","background-type":"","background-media":"","overlay-type":"","overlay-color":"","overlay-opacity":"","overlay-gradient":""},"tablet":{"background-color":"var(--ast-global-color-5)","background-image":"","background-repeat":"repeat","background-position":"center center","background-size":"auto","background-attachment":"scroll","background-type":"","background-media":"","overlay-type":"","overlay-color":"","overlay-opacity":"","overlay-gradient":""},"mobile":{"background-color":"var(--ast-global-color-5)","background-image":"","background-repeat":"repeat","background-position":"center center","background-size":"auto","background-attachment":"scroll","background-type":"","background-media":"","overlay-type":"","overlay-color":"","overlay-opacity":"","overlay-gradient":""}},"_kadence_starter_templates_imported_post":false,"footnotes":""},"categories":[23],"tags":[34,32,33,30,31],"class_list":["post-1969","post","type-post","status-publish","format-standard","has-post-thumbnail","hentry","category-blog","tag-contingut-televisiu-nens","tag-impacte-televisio-nens","tag-televisio-i-nens","tag-temps-de-pantalla-nens","tag-us-responsable-televisio"],"yoast_head":"<!-- This site is optimized with the Yoast SEO plugin v27.4 - https:\/\/yoast.com\/product\/yoast-seo-wordpress\/ -->\n<title>La televisi\u00f3 en la inf\u00e0ncia: \u00c9s tan dolenta com diuen? Claus per a un \u00fas responsable - Psicoeduca Lleida<\/title>\n<meta name=\"description\" content=\"La televisi\u00f3 ha estat durant d\u00e8cades una pres\u00e8ncia constant a les llars de Lleida i d&#039;arreu. Tot i que ha evolucionat amb les plataformes de streaming, la pregunta sobre el seu impacte en els infants continua sent rellevant. A Psicoeduca Lleida, creiem que la clau no est\u00e0 en prohibir-la completament, sin\u00f3 en promoure un \u00fas responsable i conscient.\" \/>\n<meta name=\"robots\" content=\"index, follow, max-snippet:-1, max-image-preview:large, max-video-preview:-1\" \/>\n<link rel=\"canonical\" href=\"https:\/\/psicoeducalleida.com\/es\/la-televisio-en-la-infancia-es-tan-dolenta-com-diuen-claus-per-a-un-us-responsable\/\" \/>\n<meta property=\"og:locale\" content=\"es_ES\" \/>\n<meta property=\"og:type\" content=\"article\" \/>\n<meta property=\"og:title\" content=\"La televisi\u00f3 en la inf\u00e0ncia: \u00c9s tan dolenta com diuen? Claus per a un \u00fas responsable - Psicoeduca Lleida\" \/>\n<meta property=\"og:description\" content=\"La televisi\u00f3 ha estat durant d\u00e8cades una pres\u00e8ncia constant a les llars de Lleida i d&#039;arreu. Tot i que ha evolucionat amb les plataformes de streaming, la pregunta sobre el seu impacte en els infants continua sent rellevant. A Psicoeduca Lleida, creiem que la clau no est\u00e0 en prohibir-la completament, sin\u00f3 en promoure un \u00fas responsable i conscient.\" \/>\n<meta property=\"og:url\" content=\"https:\/\/psicoeducalleida.com\/es\/la-televisio-en-la-infancia-es-tan-dolenta-com-diuen-claus-per-a-un-us-responsable\/\" \/>\n<meta property=\"og:site_name\" content=\"Psicoeduca Lleida\" \/>\n<meta property=\"article:published_time\" content=\"2025-04-23T12:26:12+00:00\" \/>\n<meta property=\"article:modified_time\" content=\"2025-05-13T06:05:02+00:00\" \/>\n<meta property=\"og:image\" content=\"https:\/\/psicoeducalleida.com\/wp-content\/uploads\/2025\/04\/7-scaled-e1745473793630.jpg\" \/>\n\t<meta property=\"og:image:width\" content=\"2560\" \/>\n\t<meta property=\"og:image:height\" content=\"1450\" \/>\n\t<meta property=\"og:image:type\" content=\"image\/jpeg\" \/>\n<meta name=\"author\" content=\"fonfrialuna@gmail.com\" \/>\n<meta name=\"twitter:card\" content=\"summary_large_image\" \/>\n<meta name=\"twitter:label1\" content=\"Escrito por\" \/>\n\t<meta name=\"twitter:data1\" content=\"fonfrialuna@gmail.com\" \/>\n\t<meta name=\"twitter:label2\" content=\"Tiempo de lectura\" \/>\n\t<meta name=\"twitter:data2\" content=\"3 minutos\" \/>\n<script type=\"application\/ld+json\" class=\"yoast-schema-graph\">{\"@context\":\"https:\\\/\\\/schema.org\",\"@graph\":[{\"@type\":\"Article\",\"@id\":\"https:\\\/\\\/psicoeducalleida.com\\\/la-televisio-en-la-infancia-es-tan-dolenta-com-diuen-claus-per-a-un-us-responsable\\\/#article\",\"isPartOf\":{\"@id\":\"https:\\\/\\\/psicoeducalleida.com\\\/la-televisio-en-la-infancia-es-tan-dolenta-com-diuen-claus-per-a-un-us-responsable\\\/\"},\"author\":{\"name\":\"fonfrialuna@gmail.com\",\"@id\":\"https:\\\/\\\/psicoeducalleida.com\\\/#\\\/schema\\\/person\\\/0eb30a2e50f2a4889ed2329922dab86d\"},\"headline\":\"La televisi\u00f3 en la inf\u00e0ncia: \u00c9s tan dolenta com diuen? Claus per a un \u00fas responsable\",\"datePublished\":\"2025-04-23T12:26:12+00:00\",\"dateModified\":\"2025-05-13T06:05:02+00:00\",\"mainEntityOfPage\":{\"@id\":\"https:\\\/\\\/psicoeducalleida.com\\\/la-televisio-en-la-infancia-es-tan-dolenta-com-diuen-claus-per-a-un-us-responsable\\\/\"},\"wordCount\":425,\"publisher\":{\"@id\":\"https:\\\/\\\/psicoeducalleida.com\\\/#organization\"},\"image\":{\"@id\":\"https:\\\/\\\/psicoeducalleida.com\\\/la-televisio-en-la-infancia-es-tan-dolenta-com-diuen-claus-per-a-un-us-responsable\\\/#primaryimage\"},\"thumbnailUrl\":\"https:\\\/\\\/psicoeducalleida.com\\\/wp-content\\\/uploads\\\/2025\\\/04\\\/7-scaled-e1745473793630.jpg\",\"keywords\":[\"contingut televisiu nens\",\"impacte televisi\u00f3 nens\",\"televisi\u00f3 i nens\",\"temps de pantalla nens\",\"\u00fas responsable televisi\u00f3\"],\"articleSection\":[\"Blog\"],\"inLanguage\":\"es\"},{\"@type\":\"WebPage\",\"@id\":\"https:\\\/\\\/psicoeducalleida.com\\\/la-televisio-en-la-infancia-es-tan-dolenta-com-diuen-claus-per-a-un-us-responsable\\\/\",\"url\":\"https:\\\/\\\/psicoeducalleida.com\\\/la-televisio-en-la-infancia-es-tan-dolenta-com-diuen-claus-per-a-un-us-responsable\\\/\",\"name\":\"La televisi\u00f3 en la inf\u00e0ncia: \u00c9s tan dolenta com diuen? Claus per a un \u00fas responsable - Psicoeduca Lleida\",\"isPartOf\":{\"@id\":\"https:\\\/\\\/psicoeducalleida.com\\\/#website\"},\"primaryImageOfPage\":{\"@id\":\"https:\\\/\\\/psicoeducalleida.com\\\/la-televisio-en-la-infancia-es-tan-dolenta-com-diuen-claus-per-a-un-us-responsable\\\/#primaryimage\"},\"image\":{\"@id\":\"https:\\\/\\\/psicoeducalleida.com\\\/la-televisio-en-la-infancia-es-tan-dolenta-com-diuen-claus-per-a-un-us-responsable\\\/#primaryimage\"},\"thumbnailUrl\":\"https:\\\/\\\/psicoeducalleida.com\\\/wp-content\\\/uploads\\\/2025\\\/04\\\/7-scaled-e1745473793630.jpg\",\"datePublished\":\"2025-04-23T12:26:12+00:00\",\"dateModified\":\"2025-05-13T06:05:02+00:00\",\"description\":\"La televisi\u00f3 ha estat durant d\u00e8cades una pres\u00e8ncia constant a les llars de Lleida i d'arreu. Tot i que ha evolucionat amb les plataformes de streaming, la pregunta sobre el seu impacte en els infants continua sent rellevant. A Psicoeduca Lleida, creiem que la clau no est\u00e0 en prohibir-la completament, sin\u00f3 en promoure un \u00fas responsable i conscient.\",\"breadcrumb\":{\"@id\":\"https:\\\/\\\/psicoeducalleida.com\\\/la-televisio-en-la-infancia-es-tan-dolenta-com-diuen-claus-per-a-un-us-responsable\\\/#breadcrumb\"},\"inLanguage\":\"es\",\"potentialAction\":[{\"@type\":\"ReadAction\",\"target\":[\"https:\\\/\\\/psicoeducalleida.com\\\/la-televisio-en-la-infancia-es-tan-dolenta-com-diuen-claus-per-a-un-us-responsable\\\/\"]}]},{\"@type\":\"ImageObject\",\"inLanguage\":\"es\",\"@id\":\"https:\\\/\\\/psicoeducalleida.com\\\/la-televisio-en-la-infancia-es-tan-dolenta-com-diuen-claus-per-a-un-us-responsable\\\/#primaryimage\",\"url\":\"https:\\\/\\\/psicoeducalleida.com\\\/wp-content\\\/uploads\\\/2025\\\/04\\\/7-scaled-e1745473793630.jpg\",\"contentUrl\":\"https:\\\/\\\/psicoeducalleida.com\\\/wp-content\\\/uploads\\\/2025\\\/04\\\/7-scaled-e1745473793630.jpg\",\"width\":2560,\"height\":1450},{\"@type\":\"BreadcrumbList\",\"@id\":\"https:\\\/\\\/psicoeducalleida.com\\\/la-televisio-en-la-infancia-es-tan-dolenta-com-diuen-claus-per-a-un-us-responsable\\\/#breadcrumb\",\"itemListElement\":[{\"@type\":\"ListItem\",\"position\":1,\"name\":\"Portada\",\"item\":\"https:\\\/\\\/psicoeducalleida.com\\\/\"},{\"@type\":\"ListItem\",\"position\":2,\"name\":\"La televisi\u00f3 en la inf\u00e0ncia: \u00c9s tan dolenta com diuen? Claus per a un \u00fas responsable\"}]},{\"@type\":\"WebSite\",\"@id\":\"https:\\\/\\\/psicoeducalleida.com\\\/#website\",\"url\":\"https:\\\/\\\/psicoeducalleida.com\\\/\",\"name\":\"Psicoeduca Lleida\",\"description\":\"Servei de psicologia i psicopedagogia a Lleida per a infants, joves i fam\u00edlies. Acompanyament personalitzat i professional\",\"publisher\":{\"@id\":\"https:\\\/\\\/psicoeducalleida.com\\\/#organization\"},\"potentialAction\":[{\"@type\":\"SearchAction\",\"target\":{\"@type\":\"EntryPoint\",\"urlTemplate\":\"https:\\\/\\\/psicoeducalleida.com\\\/?s={search_term_string}\"},\"query-input\":{\"@type\":\"PropertyValueSpecification\",\"valueRequired\":true,\"valueName\":\"search_term_string\"}}],\"inLanguage\":\"es\"},{\"@type\":\"Organization\",\"@id\":\"https:\\\/\\\/psicoeducalleida.com\\\/#organization\",\"name\":\"Psicoeduca Lleida\",\"url\":\"https:\\\/\\\/psicoeducalleida.com\\\/\",\"logo\":{\"@type\":\"ImageObject\",\"inLanguage\":\"es\",\"@id\":\"https:\\\/\\\/psicoeducalleida.com\\\/#\\\/schema\\\/logo\\\/image\\\/\",\"url\":\"https:\\\/\\\/psicoeducalleida.com\\\/wp-content\\\/uploads\\\/2025\\\/04\\\/cropped-cropped-logo-sin-fondo-final-2.png\",\"contentUrl\":\"https:\\\/\\\/psicoeducalleida.com\\\/wp-content\\\/uploads\\\/2025\\\/04\\\/cropped-cropped-logo-sin-fondo-final-2.png\",\"width\":1024,\"height\":524,\"caption\":\"Psicoeduca Lleida\"},\"image\":{\"@id\":\"https:\\\/\\\/psicoeducalleida.com\\\/#\\\/schema\\\/logo\\\/image\\\/\"}},{\"@type\":\"Person\",\"@id\":\"https:\\\/\\\/psicoeducalleida.com\\\/#\\\/schema\\\/person\\\/0eb30a2e50f2a4889ed2329922dab86d\",\"name\":\"fonfrialuna@gmail.com\",\"image\":{\"@type\":\"ImageObject\",\"inLanguage\":\"es\",\"@id\":\"https:\\\/\\\/secure.gravatar.com\\\/avatar\\\/a2499c2746a11fa15d3e35b1707bc931851581c569fa0c575a0a31b50de8c55e?s=96&d=mm&r=g\",\"url\":\"https:\\\/\\\/secure.gravatar.com\\\/avatar\\\/a2499c2746a11fa15d3e35b1707bc931851581c569fa0c575a0a31b50de8c55e?s=96&d=mm&r=g\",\"contentUrl\":\"https:\\\/\\\/secure.gravatar.com\\\/avatar\\\/a2499c2746a11fa15d3e35b1707bc931851581c569fa0c575a0a31b50de8c55e?s=96&d=mm&r=g\",\"caption\":\"fonfrialuna@gmail.com\"},\"sameAs\":[\"http:\\\/\\\/psicoeducalleida.com\"],\"url\":\"https:\\\/\\\/psicoeducalleida.com\\\/es\\\/author\\\/fonfrialunagmail-com\\\/\"}]}<\/script>\n<!-- \/ Yoast SEO plugin. -->","yoast_head_json":{"title":"La televisi\u00f3 en la inf\u00e0ncia: \u00c9s tan dolenta com diuen? Claus per a un \u00fas responsable - Psicoeduca Lleida","description":"La televisi\u00f3 ha estat durant d\u00e8cades una pres\u00e8ncia constant a les llars de Lleida i d'arreu. Tot i que ha evolucionat amb les plataformes de streaming, la pregunta sobre el seu impacte en els infants continua sent rellevant. A Psicoeduca Lleida, creiem que la clau no est\u00e0 en prohibir-la completament, sin\u00f3 en promoure un \u00fas responsable i conscient.","robots":{"index":"index","follow":"follow","max-snippet":"max-snippet:-1","max-image-preview":"max-image-preview:large","max-video-preview":"max-video-preview:-1"},"canonical":"https:\/\/psicoeducalleida.com\/es\/la-televisio-en-la-infancia-es-tan-dolenta-com-diuen-claus-per-a-un-us-responsable\/","og_locale":"es_ES","og_type":"article","og_title":"La televisi\u00f3 en la inf\u00e0ncia: \u00c9s tan dolenta com diuen? Claus per a un \u00fas responsable - Psicoeduca Lleida","og_description":"La televisi\u00f3 ha estat durant d\u00e8cades una pres\u00e8ncia constant a les llars de Lleida i d'arreu. Tot i que ha evolucionat amb les plataformes de streaming, la pregunta sobre el seu impacte en els infants continua sent rellevant. A Psicoeduca Lleida, creiem que la clau no est\u00e0 en prohibir-la completament, sin\u00f3 en promoure un \u00fas responsable i conscient.","og_url":"https:\/\/psicoeducalleida.com\/es\/la-televisio-en-la-infancia-es-tan-dolenta-com-diuen-claus-per-a-un-us-responsable\/","og_site_name":"Psicoeduca Lleida","article_published_time":"2025-04-23T12:26:12+00:00","article_modified_time":"2025-05-13T06:05:02+00:00","og_image":[{"width":2560,"height":1450,"url":"https:\/\/psicoeducalleida.com\/wp-content\/uploads\/2025\/04\/7-scaled-e1745473793630.jpg","type":"image\/jpeg"}],"author":"fonfrialuna@gmail.com","twitter_card":"summary_large_image","twitter_misc":{"Escrito por":"fonfrialuna@gmail.com","Tiempo de lectura":"3 minutos"},"schema":{"@context":"https:\/\/schema.org","@graph":[{"@type":"Article","@id":"https:\/\/psicoeducalleida.com\/la-televisio-en-la-infancia-es-tan-dolenta-com-diuen-claus-per-a-un-us-responsable\/#article","isPartOf":{"@id":"https:\/\/psicoeducalleida.com\/la-televisio-en-la-infancia-es-tan-dolenta-com-diuen-claus-per-a-un-us-responsable\/"},"author":{"name":"fonfrialuna@gmail.com","@id":"https:\/\/psicoeducalleida.com\/#\/schema\/person\/0eb30a2e50f2a4889ed2329922dab86d"},"headline":"La televisi\u00f3 en la inf\u00e0ncia: \u00c9s tan dolenta com diuen? Claus per a un \u00fas responsable","datePublished":"2025-04-23T12:26:12+00:00","dateModified":"2025-05-13T06:05:02+00:00","mainEntityOfPage":{"@id":"https:\/\/psicoeducalleida.com\/la-televisio-en-la-infancia-es-tan-dolenta-com-diuen-claus-per-a-un-us-responsable\/"},"wordCount":425,"publisher":{"@id":"https:\/\/psicoeducalleida.com\/#organization"},"image":{"@id":"https:\/\/psicoeducalleida.com\/la-televisio-en-la-infancia-es-tan-dolenta-com-diuen-claus-per-a-un-us-responsable\/#primaryimage"},"thumbnailUrl":"https:\/\/psicoeducalleida.com\/wp-content\/uploads\/2025\/04\/7-scaled-e1745473793630.jpg","keywords":["contingut televisiu nens","impacte televisi\u00f3 nens","televisi\u00f3 i nens","temps de pantalla nens","\u00fas responsable televisi\u00f3"],"articleSection":["Blog"],"inLanguage":"es"},{"@type":"WebPage","@id":"https:\/\/psicoeducalleida.com\/la-televisio-en-la-infancia-es-tan-dolenta-com-diuen-claus-per-a-un-us-responsable\/","url":"https:\/\/psicoeducalleida.com\/la-televisio-en-la-infancia-es-tan-dolenta-com-diuen-claus-per-a-un-us-responsable\/","name":"La televisi\u00f3 en la inf\u00e0ncia: \u00c9s tan dolenta com diuen? Claus per a un \u00fas responsable - Psicoeduca Lleida","isPartOf":{"@id":"https:\/\/psicoeducalleida.com\/#website"},"primaryImageOfPage":{"@id":"https:\/\/psicoeducalleida.com\/la-televisio-en-la-infancia-es-tan-dolenta-com-diuen-claus-per-a-un-us-responsable\/#primaryimage"},"image":{"@id":"https:\/\/psicoeducalleida.com\/la-televisio-en-la-infancia-es-tan-dolenta-com-diuen-claus-per-a-un-us-responsable\/#primaryimage"},"thumbnailUrl":"https:\/\/psicoeducalleida.com\/wp-content\/uploads\/2025\/04\/7-scaled-e1745473793630.jpg","datePublished":"2025-04-23T12:26:12+00:00","dateModified":"2025-05-13T06:05:02+00:00","description":"La televisi\u00f3 ha estat durant d\u00e8cades una pres\u00e8ncia constant a les llars de Lleida i d'arreu. Tot i que ha evolucionat amb les plataformes de streaming, la pregunta sobre el seu impacte en els infants continua sent rellevant. A Psicoeduca Lleida, creiem que la clau no est\u00e0 en prohibir-la completament, sin\u00f3 en promoure un \u00fas responsable i conscient.","breadcrumb":{"@id":"https:\/\/psicoeducalleida.com\/la-televisio-en-la-infancia-es-tan-dolenta-com-diuen-claus-per-a-un-us-responsable\/#breadcrumb"},"inLanguage":"es","potentialAction":[{"@type":"ReadAction","target":["https:\/\/psicoeducalleida.com\/la-televisio-en-la-infancia-es-tan-dolenta-com-diuen-claus-per-a-un-us-responsable\/"]}]},{"@type":"ImageObject","inLanguage":"es","@id":"https:\/\/psicoeducalleida.com\/la-televisio-en-la-infancia-es-tan-dolenta-com-diuen-claus-per-a-un-us-responsable\/#primaryimage","url":"https:\/\/psicoeducalleida.com\/wp-content\/uploads\/2025\/04\/7-scaled-e1745473793630.jpg","contentUrl":"https:\/\/psicoeducalleida.com\/wp-content\/uploads\/2025\/04\/7-scaled-e1745473793630.jpg","width":2560,"height":1450},{"@type":"BreadcrumbList","@id":"https:\/\/psicoeducalleida.com\/la-televisio-en-la-infancia-es-tan-dolenta-com-diuen-claus-per-a-un-us-responsable\/#breadcrumb","itemListElement":[{"@type":"ListItem","position":1,"name":"Portada","item":"https:\/\/psicoeducalleida.com\/"},{"@type":"ListItem","position":2,"name":"La televisi\u00f3 en la inf\u00e0ncia: \u00c9s tan dolenta com diuen? Claus per a un \u00fas responsable"}]},{"@type":"WebSite","@id":"https:\/\/psicoeducalleida.com\/#website","url":"https:\/\/psicoeducalleida.com\/","name":"Psicoeduca Lleida","description":"Servei de psicologia i psicopedagogia a Lleida per a infants, joves i fam\u00edlies. Acompanyament personalitzat i professional","publisher":{"@id":"https:\/\/psicoeducalleida.com\/#organization"},"potentialAction":[{"@type":"SearchAction","target":{"@type":"EntryPoint","urlTemplate":"https:\/\/psicoeducalleida.com\/?s={search_term_string}"},"query-input":{"@type":"PropertyValueSpecification","valueRequired":true,"valueName":"search_term_string"}}],"inLanguage":"es"},{"@type":"Organization","@id":"https:\/\/psicoeducalleida.com\/#organization","name":"Psicoeduca Lleida","url":"https:\/\/psicoeducalleida.com\/","logo":{"@type":"ImageObject","inLanguage":"es","@id":"https:\/\/psicoeducalleida.com\/#\/schema\/logo\/image\/","url":"https:\/\/psicoeducalleida.com\/wp-content\/uploads\/2025\/04\/cropped-cropped-logo-sin-fondo-final-2.png","contentUrl":"https:\/\/psicoeducalleida.com\/wp-content\/uploads\/2025\/04\/cropped-cropped-logo-sin-fondo-final-2.png","width":1024,"height":524,"caption":"Psicoeduca Lleida"},"image":{"@id":"https:\/\/psicoeducalleida.com\/#\/schema\/logo\/image\/"}},{"@type":"Person","@id":"https:\/\/psicoeducalleida.com\/#\/schema\/person\/0eb30a2e50f2a4889ed2329922dab86d","name":"fonfrialuna@gmail.com","image":{"@type":"ImageObject","inLanguage":"es","@id":"https:\/\/secure.gravatar.com\/avatar\/a2499c2746a11fa15d3e35b1707bc931851581c569fa0c575a0a31b50de8c55e?s=96&d=mm&r=g","url":"https:\/\/secure.gravatar.com\/avatar\/a2499c2746a11fa15d3e35b1707bc931851581c569fa0c575a0a31b50de8c55e?s=96&d=mm&r=g","contentUrl":"https:\/\/secure.gravatar.com\/avatar\/a2499c2746a11fa15d3e35b1707bc931851581c569fa0c575a0a31b50de8c55e?s=96&d=mm&r=g","caption":"fonfrialuna@gmail.com"},"sameAs":["http:\/\/psicoeducalleida.com"],"url":"https:\/\/psicoeducalleida.com\/es\/author\/fonfrialunagmail-com\/"}]}},"uagb_featured_image_src":{"full":["https:\/\/psicoeducalleida.com\/wp-content\/uploads\/2025\/04\/7-scaled-e1745473793630.jpg",2560,1450,false],"thumbnail":["https:\/\/psicoeducalleida.com\/wp-content\/uploads\/2025\/04\/7-scaled-e1745473793630-150x150.jpg",150,150,true],"medium":["https:\/\/psicoeducalleida.com\/wp-content\/uploads\/2025\/04\/7-scaled-e1745473793630-300x170.jpg",300,170,true],"medium_large":["https:\/\/psicoeducalleida.com\/wp-content\/uploads\/2025\/04\/7-scaled-e1745473793630-768x435.jpg",768,435,true],"large":["https:\/\/psicoeducalleida.com\/wp-content\/uploads\/2025\/04\/7-scaled-e1745473793630-1024x580.jpg",1024,580,true],"1536x1536":["https:\/\/psicoeducalleida.com\/wp-content\/uploads\/2025\/04\/7-scaled-e1745473793630-1536x870.jpg",1536,870,true],"2048x2048":["https:\/\/psicoeducalleida.com\/wp-content\/uploads\/2025\/04\/7-scaled-e1745473793630-2048x1160.jpg",2048,1160,true],"trp-custom-language-flag":["https:\/\/psicoeducalleida.com\/wp-content\/uploads\/2025\/04\/7-scaled-e1745473793630.jpg",18,10,false]},"uagb_author_info":{"display_name":"fonfrialuna@gmail.com","author_link":"https:\/\/psicoeducalleida.com\/es\/author\/fonfrialunagmail-com\/"},"uagb_comment_info":0,"uagb_excerpt":"La televisi\u00f3 ha estat durant d\u00e8cades una pres\u00e8ncia constant a les llars de Lleida i d&#8217;arreu. Tot i que ha evolucionat amb les plataformes de streaming, la pregunta sobre el seu impacte en els infants continua sent rellevant. A Psicoeduca Lleida, creiem que la clau no est\u00e0 en prohibir-la completament, sin\u00f3 en promoure un \u00fas&hellip;","_links":{"self":[{"href":"https:\/\/psicoeducalleida.com\/es\/wp-json\/wp\/v2\/posts\/1969","targetHints":{"allow":["GET"]}}],"collection":[{"href":"https:\/\/psicoeducalleida.com\/es\/wp-json\/wp\/v2\/posts"}],"about":[{"href":"https:\/\/psicoeducalleida.com\/es\/wp-json\/wp\/v2\/types\/post"}],"author":[{"embeddable":true,"href":"https:\/\/psicoeducalleida.com\/es\/wp-json\/wp\/v2\/users\/1"}],"replies":[{"embeddable":true,"href":"https:\/\/psicoeducalleida.com\/es\/wp-json\/wp\/v2\/comments?post=1969"}],"version-history":[{"count":1,"href":"https:\/\/psicoeducalleida.com\/es\/wp-json\/wp\/v2\/posts\/1969\/revisions"}],"predecessor-version":[{"id":1970,"href":"https:\/\/psicoeducalleida.com\/es\/wp-json\/wp\/v2\/posts\/1969\/revisions\/1970"}],"wp:featuredmedia":[{"embeddable":true,"href":"https:\/\/psicoeducalleida.com\/es\/wp-json\/wp\/v2\/media\/2027"}],"wp:attachment":[{"href":"https:\/\/psicoeducalleida.com\/es\/wp-json\/wp\/v2\/media?parent=1969"}],"wp:term":[{"taxonomy":"category","embeddable":true,"href":"https:\/\/psicoeducalleida.com\/es\/wp-json\/wp\/v2\/categories?post=1969"},{"taxonomy":"post_tag","embeddable":true,"href":"https:\/\/psicoeducalleida.com\/es\/wp-json\/wp\/v2\/tags?post=1969"}],"curies":[{"name":"wp","href":"https:\/\/api.w.org\/{rel}","templated":true}]}}